{"id":3033,"date":"2021-11-22T16:59:35","date_gmt":"2021-11-22T16:59:35","guid":{"rendered":"https:\/\/vilamorgades.es\/?p=3033"},"modified":"2022-03-01T10:10:33","modified_gmt":"2022-03-01T10:10:33","slug":"concert-de-jazz-2","status":"publish","type":"post","link":"https:\/\/vilamorgades.es\/?p=3033&lang=ca","title":{"rendered":"Concert de Jazz"},"content":{"rendered":"\t\t<div data-elementor-type=\"wp-post\" data-elementor-id=\"3033\" class=\"elementor elementor-3033\">\n\t\t\t\t\t\t\t\t\t<section class=\"elementor-section elementor-top-section elementor-element elementor-element-49ec3b50 elementor-section-boxed elementor-section-height-default elementor-section-height-default\" data-id=\"49ec3b50\" data-element_type=\"section\">\n\t\t\t\t\t\t<div class=\"elementor-container elementor-column-gap-default\">\n\t\t\t\t\t<div class=\"elementor-column elementor-col-100 elementor-top-column elementor-element elementor-element-6517c2d4\" data-id=\"6517c2d4\" data-element_type=\"column\">\n\t\t\t<div class=\"elementor-widget-wrap elementor-element-populated\">\n\t\t\t\t\t\t\t\t<div class=\"elementor-element elementor-element-702b0ab5 elementor-widget elementor-widget-text-editor\" data-id=\"702b0ab5\" data-element_type=\"widget\" data-widget_type=\"text-editor.default\">\n\t\t\t\t<div class=\"elementor-widget-container\">\n\t\t\t\t\t\t\t<p><!-- wp:paragraph --><\/p>\n<p><span class=\"Y2IQFc\" lang=\"ca\">El diumenge 21 de novembre hem tingut el privilegi de veure tocar en directe un concert de jazz a Cal Vila. Els m\u00fasics, Marc Laguna, Xavi Carb\u00f3 i Leo Tejedor, han tocat un llarg repertori de cl\u00e0ssics del jazz en un assolellat diumenge de tardor. El trio de m\u00fasics, amb una llarga experi\u00e8ncia i traject\u00f2ria a l&#8217;esquena, han realitzat un concert simplement espectacular. Esperem poder tornar-los a tenir ben aviat. <\/span><\/p>\n<p><span class=\"Y2IQFc\" lang=\"ca\">Estem molt agra\u00efts als m\u00fasics i a tothom qui ha vingut i desitgem tornar a tenir-vos properament!<\/span><\/p>\n<p>Maria i Carles<\/p>\n<p><!-- \/wp:paragraph --><\/p>\t\t\t\t\t\t<\/div>\n\t\t\t\t<\/div>\n\t\t\t\t\t<\/div>\n\t\t<\/div>\n\t\t\t\t\t\t\t<\/div>\n\t\t<\/section>\n\t\t\t\t<section class=\"elementor-section elementor-top-section elementor-element elementor-element-4278d4f elementor-section-boxed elementor-section-height-default elementor-section-height-default\" data-id=\"4278d4f\" data-element_type=\"section\">\n\t\t\t\t\t\t<div class=\"elementor-container elementor-column-gap-default\">\n\t\t\t\t\t<div class=\"elementor-column elementor-col-100 elementor-top-column elementor-element elementor-element-bb90303\" data-id=\"bb90303\" data-element_type=\"column\">\n\t\t\t<div class=\"elementor-widget-wrap elementor-element-populated\">\n\t\t\t\t\t\t\t\t<div class=\"elementor-element elementor-element-fc2f21a elementor-widget elementor-widget-image\" data-id=\"fc2f21a\" data-element_type=\"widget\" data-widget_type=\"image.default\">\n\t\t\t\t<div class=\"elementor-widget-container\">\n\t\t\t\t\t\t\t\t\t\t\t\t\t\t\t<img loading=\"lazy\" decoding=\"async\" width=\"840\" height=\"630\" src=\"https:\/\/vilamorgades.es\/wp-content\/uploads\/2021\/11\/image1-2.jpeg\" class=\"attachment-large size-large wp-image-3026\" alt=\"\" srcset=\"https:\/\/vilamorgades.es\/wp-content\/uploads\/2021\/11\/image1-2.jpeg 1024w, https:\/\/vilamorgades.es\/wp-content\/uploads\/2021\/11\/image1-2-300x225.jpeg 300w, https:\/\/vilamorgades.es\/wp-content\/uploads\/2021\/11\/image1-2-768x576.jpeg 768w, https:\/\/vilamorgades.es\/wp-content\/uploads\/2021\/11\/image1-2-80x60.jpeg 80w\" sizes=\"auto, (max-width: 840px) 100vw, 840px\" \/>\t\t\t\t\t\t\t\t\t\t\t\t\t\t\t<\/div>\n\t\t\t\t<\/div>\n\t\t\t\t\t<\/div>\n\t\t<\/div>\n\t\t\t\t\t\t\t<\/div>\n\t\t<\/section>\n\t\t\t\t\t\t\t<\/div>\n\t\t","protected":false},"excerpt":{"rendered":"<p>El diumenge 21 de novembre hem tingut el privilegi de veure tocar en directe un concert de jazz a Cal &hellip; <\/p>\n","protected":false},"author":1,"featured_media":3026,"comment_status":"open","ping_status":"open","sticky":true,"template":"","format":"standard","meta":{"footnotes":""},"categories":[60],"tags":[98,86,97,85,99,96,90,91,92],"class_list":["post-3033","post","type-post","status-publish","format-standard","has-post-thumbnail","hentry","category-histories","tag-cal-vila-jazz","tag-concert-de-jazz","tag-jazz-cava","tag-jazz-concert","tag-jazz-entre-vinyes","tag-jazz-i-cava","tag-leo-tejedor","tag-marc-laguna","tag-xavi-carbo"],"yoast_head":"<!-- This site is optimized with the Yoast SEO plugin v22.1 - https:\/\/yoast.com\/wordpress\/plugins\/seo\/ -->\n<title>Concert de Jazz - VILA MORGADES<\/title>\n<meta name=\"description\" content=\"Encara estem en una bombolla despr\u00e9s del magn\u00edfic concert de jazz del cap de setmana passat. Molt\u00edssimes gr\u00e0cies a tothom qui va venir!\" \/>\n<meta name=\"robots\" content=\"index, follow, max-snippet:-1, max-image-preview:large, max-video-preview:-1\" \/>\n<link rel=\"canonical\" href=\"https:\/\/vilamorgades.es\/?p=3033&lang=ca\" \/>\n<meta property=\"og:locale\" content=\"en_US\" \/>\n<meta property=\"og:type\" content=\"article\" \/>\n<meta property=\"og:title\" content=\"Concert de Jazz - VILA MORGADES\" \/>\n<meta property=\"og:description\" content=\"Encara estem en una bombolla despr\u00e9s del magn\u00edfic concert de jazz del cap de setmana passat. Molt\u00edssimes gr\u00e0cies a tothom qui va venir!\" \/>\n<meta property=\"og:url\" content=\"https:\/\/vilamorgades.es\/?p=3033&amp;lang=ca\" \/>\n<meta property=\"og:site_name\" content=\"VILA MORGADES\" \/>\n<meta property=\"article:published_time\" content=\"2021-11-22T16:59:35+00:00\" \/>\n<meta property=\"article:modified_time\" content=\"2022-03-01T10:10:33+00:00\" \/>\n<meta property=\"og:image\" content=\"https:\/\/vilamorgades.es\/wp-content\/uploads\/2021\/11\/image1-2.jpeg\" \/>\n\t<meta property=\"og:image:width\" content=\"1024\" \/>\n\t<meta property=\"og:image:height\" content=\"768\" \/>\n\t<meta property=\"og:image:type\" content=\"image\/jpeg\" \/>\n<meta name=\"author\" content=\"maria\" \/>\n<meta name=\"twitter:card\" content=\"summary_large_image\" \/>\n<meta name=\"twitter:label1\" content=\"Written by\" \/>\n\t<meta name=\"twitter:data1\" content=\"maria\" \/>\n\t<meta name=\"twitter:label2\" content=\"Est. reading time\" \/>\n\t<meta name=\"twitter:data2\" content=\"1 minute\" \/>\n<script type=\"application\/ld+json\" class=\"yoast-schema-graph\">{\"@context\":\"https:\/\/schema.org\",\"@graph\":[{\"@type\":\"Article\",\"@id\":\"https:\/\/vilamorgades.es\/?p=3033&lang=ca#article\",\"isPartOf\":{\"@id\":\"https:\/\/vilamorgades.es\/?p=3033&lang=ca\"},\"author\":{\"name\":\"maria\",\"@id\":\"https:\/\/vilamorgades.es\/#\/schema\/person\/ee95443419c2ccde4a032d648fbcfaf1\"},\"headline\":\"Concert de Jazz\",\"datePublished\":\"2021-11-22T16:59:35+00:00\",\"dateModified\":\"2022-03-01T10:10:33+00:00\",\"mainEntityOfPage\":{\"@id\":\"https:\/\/vilamorgades.es\/?p=3033&lang=ca\"},\"wordCount\":99,\"commentCount\":0,\"publisher\":{\"@id\":\"https:\/\/vilamorgades.es\/#organization\"},\"keywords\":[\"Cal Vila jazz\",\"concert de jazz\",\"jazz cava\",\"jazz concert\",\"jazz entre vinyes\",\"jazz i cava\",\"leo tejedor\",\"Marc Laguna\",\"Xavi Carb\u00f3\"],\"articleSection\":[\"Hist\u00f2ries\"],\"inLanguage\":\"en-US\",\"potentialAction\":[{\"@type\":\"CommentAction\",\"name\":\"Comment\",\"target\":[\"https:\/\/vilamorgades.es\/?p=3033&lang=ca#respond\"]}]},{\"@type\":\"WebPage\",\"@id\":\"https:\/\/vilamorgades.es\/?p=3033&lang=ca\",\"url\":\"https:\/\/vilamorgades.es\/?p=3033&lang=ca\",\"name\":\"Concert de Jazz - VILA MORGADES\",\"isPartOf\":{\"@id\":\"https:\/\/vilamorgades.es\/#website\"},\"datePublished\":\"2021-11-22T16:59:35+00:00\",\"dateModified\":\"2022-03-01T10:10:33+00:00\",\"description\":\"Encara estem en una bombolla despr\u00e9s del magn\u00edfic concert de jazz del cap de setmana passat. Molt\u00edssimes gr\u00e0cies a tothom qui va venir!\",\"breadcrumb\":{\"@id\":\"https:\/\/vilamorgades.es\/?p=3033&lang=ca#breadcrumb\"},\"inLanguage\":\"en-US\",\"potentialAction\":[{\"@type\":\"ReadAction\",\"target\":[\"https:\/\/vilamorgades.es\/?p=3033&lang=ca\"]}]},{\"@type\":\"BreadcrumbList\",\"@id\":\"https:\/\/vilamorgades.es\/?p=3033&lang=ca#breadcrumb\",\"itemListElement\":[{\"@type\":\"ListItem\",\"position\":1,\"name\":\"Home\",\"item\":\"https:\/\/vilamorgades.es\/\"},{\"@type\":\"ListItem\",\"position\":2,\"name\":\"Concert de Jazz\"}]},{\"@type\":\"WebSite\",\"@id\":\"https:\/\/vilamorgades.es\/#website\",\"url\":\"https:\/\/vilamorgades.es\/\",\"name\":\"VILA MORGADES\",\"description\":\"DES DEL S. XVIII\",\"publisher\":{\"@id\":\"https:\/\/vilamorgades.es\/#organization\"},\"potentialAction\":[{\"@type\":\"SearchAction\",\"target\":{\"@type\":\"EntryPoint\",\"urlTemplate\":\"https:\/\/vilamorgades.es\/?s={search_term_string}\"},\"query-input\":\"required name=search_term_string\"}],\"inLanguage\":\"en-US\"},{\"@type\":\"Organization\",\"@id\":\"https:\/\/vilamorgades.es\/#organization\",\"name\":\"Vila Morgades\",\"url\":\"https:\/\/vilamorgades.es\/\",\"logo\":{\"@type\":\"ImageObject\",\"inLanguage\":\"en-US\",\"@id\":\"https:\/\/vilamorgades.es\/#\/schema\/logo\/image\/\",\"url\":\"https:\/\/vilamorgades.es\/wp-content\/uploads\/2021\/12\/Logo-Vila-Morgades.png\",\"contentUrl\":\"https:\/\/vilamorgades.es\/wp-content\/uploads\/2021\/12\/Logo-Vila-Morgades.png\",\"width\":500,\"height\":500,\"caption\":\"Vila Morgades\"},\"image\":{\"@id\":\"https:\/\/vilamorgades.es\/#\/schema\/logo\/image\/\"},\"sameAs\":[\"https:\/\/www.instagram.com\/vila_morgades\/\"]},{\"@type\":\"Person\",\"@id\":\"https:\/\/vilamorgades.es\/#\/schema\/person\/ee95443419c2ccde4a032d648fbcfaf1\",\"name\":\"maria\",\"image\":{\"@type\":\"ImageObject\",\"inLanguage\":\"en-US\",\"@id\":\"https:\/\/vilamorgades.es\/#\/schema\/person\/image\/\",\"url\":\"https:\/\/secure.gravatar.com\/avatar\/2e2d80b7fb90f37fdde51fa4447ef41dd2c023a9339ddcc08f908b94eb1f24a8?s=96&d=mm&r=g\",\"contentUrl\":\"https:\/\/secure.gravatar.com\/avatar\/2e2d80b7fb90f37fdde51fa4447ef41dd2c023a9339ddcc08f908b94eb1f24a8?s=96&d=mm&r=g\",\"caption\":\"maria\"},\"sameAs\":[\"http:\/\/vilamorgades.es\"],\"url\":\"https:\/\/vilamorgades.es\/?author=1\"}]}<\/script>\n<!-- \/ Yoast SEO plugin. -->","yoast_head_json":{"title":"Concert de Jazz - VILA MORGADES","description":"Encara estem en una bombolla despr\u00e9s del magn\u00edfic concert de jazz del cap de setmana passat. Molt\u00edssimes gr\u00e0cies a tothom qui va venir!","robots":{"index":"index","follow":"follow","max-snippet":"max-snippet:-1","max-image-preview":"max-image-preview:large","max-video-preview":"max-video-preview:-1"},"canonical":"https:\/\/vilamorgades.es\/?p=3033&lang=ca","og_locale":"en_US","og_type":"article","og_title":"Concert de Jazz - VILA MORGADES","og_description":"Encara estem en una bombolla despr\u00e9s del magn\u00edfic concert de jazz del cap de setmana passat. Molt\u00edssimes gr\u00e0cies a tothom qui va venir!","og_url":"https:\/\/vilamorgades.es\/?p=3033&lang=ca","og_site_name":"VILA MORGADES","article_published_time":"2021-11-22T16:59:35+00:00","article_modified_time":"2022-03-01T10:10:33+00:00","og_image":[{"width":1024,"height":768,"url":"https:\/\/vilamorgades.es\/wp-content\/uploads\/2021\/11\/image1-2.jpeg","type":"image\/jpeg"}],"author":"maria","twitter_card":"summary_large_image","twitter_misc":{"Written by":"maria","Est. reading time":"1 minute"},"schema":{"@context":"https:\/\/schema.org","@graph":[{"@type":"Article","@id":"https:\/\/vilamorgades.es\/?p=3033&lang=ca#article","isPartOf":{"@id":"https:\/\/vilamorgades.es\/?p=3033&lang=ca"},"author":{"name":"maria","@id":"https:\/\/vilamorgades.es\/#\/schema\/person\/ee95443419c2ccde4a032d648fbcfaf1"},"headline":"Concert de Jazz","datePublished":"2021-11-22T16:59:35+00:00","dateModified":"2022-03-01T10:10:33+00:00","mainEntityOfPage":{"@id":"https:\/\/vilamorgades.es\/?p=3033&lang=ca"},"wordCount":99,"commentCount":0,"publisher":{"@id":"https:\/\/vilamorgades.es\/#organization"},"keywords":["Cal Vila jazz","concert de jazz","jazz cava","jazz concert","jazz entre vinyes","jazz i cava","leo tejedor","Marc Laguna","Xavi Carb\u00f3"],"articleSection":["Hist\u00f2ries"],"inLanguage":"en-US","potentialAction":[{"@type":"CommentAction","name":"Comment","target":["https:\/\/vilamorgades.es\/?p=3033&lang=ca#respond"]}]},{"@type":"WebPage","@id":"https:\/\/vilamorgades.es\/?p=3033&lang=ca","url":"https:\/\/vilamorgades.es\/?p=3033&lang=ca","name":"Concert de Jazz - VILA MORGADES","isPartOf":{"@id":"https:\/\/vilamorgades.es\/#website"},"datePublished":"2021-11-22T16:59:35+00:00","dateModified":"2022-03-01T10:10:33+00:00","description":"Encara estem en una bombolla despr\u00e9s del magn\u00edfic concert de jazz del cap de setmana passat. Molt\u00edssimes gr\u00e0cies a tothom qui va venir!","breadcrumb":{"@id":"https:\/\/vilamorgades.es\/?p=3033&lang=ca#breadcrumb"},"inLanguage":"en-US","potentialAction":[{"@type":"ReadAction","target":["https:\/\/vilamorgades.es\/?p=3033&lang=ca"]}]},{"@type":"BreadcrumbList","@id":"https:\/\/vilamorgades.es\/?p=3033&lang=ca#breadcrumb","itemListElement":[{"@type":"ListItem","position":1,"name":"Home","item":"https:\/\/vilamorgades.es\/"},{"@type":"ListItem","position":2,"name":"Concert de Jazz"}]},{"@type":"WebSite","@id":"https:\/\/vilamorgades.es\/#website","url":"https:\/\/vilamorgades.es\/","name":"VILA MORGADES","description":"DES DEL S. XVIII","publisher":{"@id":"https:\/\/vilamorgades.es\/#organization"},"potentialAction":[{"@type":"SearchAction","target":{"@type":"EntryPoint","urlTemplate":"https:\/\/vilamorgades.es\/?s={search_term_string}"},"query-input":"required name=search_term_string"}],"inLanguage":"en-US"},{"@type":"Organization","@id":"https:\/\/vilamorgades.es\/#organization","name":"Vila Morgades","url":"https:\/\/vilamorgades.es\/","logo":{"@type":"ImageObject","inLanguage":"en-US","@id":"https:\/\/vilamorgades.es\/#\/schema\/logo\/image\/","url":"https:\/\/vilamorgades.es\/wp-content\/uploads\/2021\/12\/Logo-Vila-Morgades.png","contentUrl":"https:\/\/vilamorgades.es\/wp-content\/uploads\/2021\/12\/Logo-Vila-Morgades.png","width":500,"height":500,"caption":"Vila Morgades"},"image":{"@id":"https:\/\/vilamorgades.es\/#\/schema\/logo\/image\/"},"sameAs":["https:\/\/www.instagram.com\/vila_morgades\/"]},{"@type":"Person","@id":"https:\/\/vilamorgades.es\/#\/schema\/person\/ee95443419c2ccde4a032d648fbcfaf1","name":"maria","image":{"@type":"ImageObject","inLanguage":"en-US","@id":"https:\/\/vilamorgades.es\/#\/schema\/person\/image\/","url":"https:\/\/secure.gravatar.com\/avatar\/2e2d80b7fb90f37fdde51fa4447ef41dd2c023a9339ddcc08f908b94eb1f24a8?s=96&d=mm&r=g","contentUrl":"https:\/\/secure.gravatar.com\/avatar\/2e2d80b7fb90f37fdde51fa4447ef41dd2c023a9339ddcc08f908b94eb1f24a8?s=96&d=mm&r=g","caption":"maria"},"sameAs":["http:\/\/vilamorgades.es"],"url":"https:\/\/vilamorgades.es\/?author=1"}]}},"_links":{"self":[{"href":"https:\/\/vilamorgades.es\/index.php?rest_route=\/wp\/v2\/posts\/3033","targetHints":{"allow":["GET"]}}],"collection":[{"href":"https:\/\/vilamorgades.es\/index.php?rest_route=\/wp\/v2\/posts"}],"about":[{"href":"https:\/\/vilamorgades.es\/index.php?rest_route=\/wp\/v2\/types\/post"}],"author":[{"embeddable":true,"href":"https:\/\/vilamorgades.es\/index.php?rest_route=\/wp\/v2\/users\/1"}],"replies":[{"embeddable":true,"href":"https:\/\/vilamorgades.es\/index.php?rest_route=%2Fwp%2Fv2%2Fcomments&post=3033"}],"version-history":[{"count":8,"href":"https:\/\/vilamorgades.es\/index.php?rest_route=\/wp\/v2\/posts\/3033\/revisions"}],"predecessor-version":[{"id":3042,"href":"https:\/\/vilamorgades.es\/index.php?rest_route=\/wp\/v2\/posts\/3033\/revisions\/3042"}],"wp:featuredmedia":[{"embeddable":true,"href":"https:\/\/vilamorgades.es\/index.php?rest_route=\/wp\/v2\/media\/3026"}],"wp:attachment":[{"href":"https:\/\/vilamorgades.es\/index.php?rest_route=%2Fwp%2Fv2%2Fmedia&parent=3033"}],"wp:term":[{"taxonomy":"category","embeddable":true,"href":"https:\/\/vilamorgades.es\/index.php?rest_route=%2Fwp%2Fv2%2Fcategories&post=3033"},{"taxonomy":"post_tag","embeddable":true,"href":"https:\/\/vilamorgades.es\/index.php?rest_route=%2Fwp%2Fv2%2Ftags&post=3033"}],"curies":[{"name":"wp","href":"https:\/\/api.w.org\/{rel}","templated":true}]}}