{"id":3073,"date":"2021-11-29T19:32:13","date_gmt":"2021-11-29T19:32:13","guid":{"rendered":"https:\/\/vilamorgades.es\/?p=3073"},"modified":"2022-03-01T10:03:39","modified_gmt":"2022-03-01T10:03:39","slug":"ja-tenim-loli-novell","status":"publish","type":"post","link":"https:\/\/vilamorgades.es\/?p=3073&lang=ca","title":{"rendered":"Ja tenim l&#8217;oli novell!"},"content":{"rendered":"\t\t<div data-elementor-type=\"wp-post\" data-elementor-id=\"3073\" class=\"elementor elementor-3073\">\n\t\t\t\t\t\t\t\t\t<section class=\"elementor-section elementor-top-section elementor-element elementor-element-545ae450 elementor-section-boxed elementor-section-height-default elementor-section-height-default\" data-id=\"545ae450\" data-element_type=\"section\">\n\t\t\t\t\t\t<div class=\"elementor-container elementor-column-gap-default\">\n\t\t\t\t\t<div class=\"elementor-column elementor-col-100 elementor-top-column elementor-element elementor-element-5ac519e6\" data-id=\"5ac519e6\" data-element_type=\"column\">\n\t\t\t<div class=\"elementor-widget-wrap elementor-element-populated\">\n\t\t\t\t\t\t\t\t<div class=\"elementor-element elementor-element-2f3ab15d elementor-widget elementor-widget-text-editor\" data-id=\"2f3ab15d\" data-element_type=\"widget\" data-widget_type=\"text-editor.default\">\n\t\t\t\t<div class=\"elementor-widget-container\">\n\t\t\t\t\t\t\t<p>Despr\u00e9s d&#8217;haver collit les olives durant l&#8217;octubre i novembre de 2021, <strong>ja tenim l&#8217;oli novell<\/strong>!<\/p><p>Durant 20 dies hem collit les oliveres de Cal Vila, algunes d&#8217;elles centen\u00e0ries. Aquest any hem anat una mica m\u00e9s r\u00e0pid perqu\u00e8 hem collit amb una m\u00e0quina manual &#8211; que ens ha deixat el nostre tiet &#8211; que sacseja les olives i les fa caure. Les olives les hem portat al Mol\u00ed d&#8217;oli Pere Lluch, a Guardiola de Font-Rub\u00ed, que ens ha fet la &#8216;molta&#8217; (que vol dir &#8220;moldre les olives&#8221;). Quan hem acabat de collir-les totes, el mol\u00ed del Pere Lluch ens ha envasat el nostre oli amb unes ampolles de vidre molt maques &#8211; italianes &#8211; de 500ml.<\/p><p>El resultat \u00e9s un <strong>oli d&#8217;oliva verge extra, primera premsada en fred.<\/strong> 100% d&#8217;oliva arbequina, amb un gust equilibrat, ni molt fort ni massa suau.\u00a0<\/p><p>Si el voleu tastar, el podeu comprar enviant-nos un missatge <a href=\"https:\/\/vilamorgades.es\/?page_id=978&amp;lang=ca\">aqu\u00ed<\/a>, i us l&#8217;enviem a casa! El preu per ampolla son 8\u20ac.<\/p><p>Bona setmana!<\/p><p>Maria<\/p>\t\t\t\t\t\t<\/div>\n\t\t\t\t<\/div>\n\t\t\t\t\t<\/div>\n\t\t<\/div>\n\t\t\t\t\t\t\t<\/div>\n\t\t<\/section>\n\t\t\t\t<section class=\"elementor-section elementor-top-section elementor-element elementor-element-a373969 elementor-section-boxed elementor-section-height-default elementor-section-height-default\" data-id=\"a373969\" data-element_type=\"section\">\n\t\t\t\t\t\t<div class=\"elementor-container elementor-column-gap-default\">\n\t\t\t\t\t<div class=\"elementor-column elementor-col-100 elementor-top-column elementor-element elementor-element-f31b74c\" data-id=\"f31b74c\" data-element_type=\"column\">\n\t\t\t<div class=\"elementor-widget-wrap elementor-element-populated\">\n\t\t\t\t\t\t\t\t<div class=\"elementor-element elementor-element-9f4a161 elementor-widget elementor-widget-image\" data-id=\"9f4a161\" data-element_type=\"widget\" data-widget_type=\"image.default\">\n\t\t\t\t<div class=\"elementor-widget-container\">\n\t\t\t\t\t\t\t\t\t\t\t\t\t\t\t<img loading=\"lazy\" decoding=\"async\" width=\"840\" height=\"904\" src=\"https:\/\/vilamorgades.es\/wp-content\/uploads\/2021\/11\/image4-3-951x1024.jpeg\" class=\"attachment-large size-large wp-image-3095\" alt=\"\" srcset=\"https:\/\/vilamorgades.es\/wp-content\/uploads\/2021\/11\/image4-3-951x1024.jpeg 951w, https:\/\/vilamorgades.es\/wp-content\/uploads\/2021\/11\/image4-3-278x300.jpeg 278w, https:\/\/vilamorgades.es\/wp-content\/uploads\/2021\/11\/image4-3-768x827.jpeg 768w, https:\/\/vilamorgades.es\/wp-content\/uploads\/2021\/11\/image4-3-1426x1536.jpeg 1426w, https:\/\/vilamorgades.es\/wp-content\/uploads\/2021\/11\/image4-3-1901x2048.jpeg 1901w, https:\/\/vilamorgades.es\/wp-content\/uploads\/2021\/11\/image4-3-56x60.jpeg 56w\" sizes=\"auto, (max-width: 840px) 100vw, 840px\" \/>\t\t\t\t\t\t\t\t\t\t\t\t\t\t\t<\/div>\n\t\t\t\t<\/div>\n\t\t\t\t\t<\/div>\n\t\t<\/div>\n\t\t\t\t\t\t\t<\/div>\n\t\t<\/section>\n\t\t\t\t\t\t\t<\/div>\n\t\t","protected":false},"excerpt":{"rendered":"<p>Despr\u00e9s d&#8217;haver collit les olives durant l&#8217;octubre i novembre de 2021, ja tenim l&#8217;oli novell! Durant 20 dies hem collit &hellip; <\/p>\n","protected":false},"author":1,"featured_media":3105,"comment_status":"open","ping_status":"open","sticky":true,"template":"","format":"standard","meta":{"footnotes":""},"categories":[60],"tags":[120,117,111,108,116,109,75],"class_list":["post-3073","post","type-post","status-publish","format-standard","has-post-thumbnail","hentry","category-histories","tag-100-arbequina","tag-arbequina","tag-oli-doliva","tag-oli-doliva-verge-extra","tag-oliva-arbequina","tag-oove","tag-penedes"],"yoast_head":"<!-- This site is optimized with the Yoast SEO plugin v22.1 - https:\/\/yoast.com\/wordpress\/plugins\/seo\/ -->\n<title>Ja tenim l&#039;oli novell! - VILA MORGADES<\/title>\n<meta name=\"description\" content=\"Ja hem collit les nostres olives I tenim l&#039;oli novell! 100% varierat arbequina. Fi, suau i equilibrat. Poques ampolles.\" \/>\n<meta name=\"robots\" content=\"index, follow, max-snippet:-1, max-image-preview:large, max-video-preview:-1\" \/>\n<link rel=\"canonical\" href=\"https:\/\/vilamorgades.es\/?p=3073&lang=ca\" \/>\n<meta property=\"og:locale\" content=\"en_US\" \/>\n<meta property=\"og:type\" content=\"article\" \/>\n<meta property=\"og:title\" content=\"Ja tenim l&#039;oli novell! - VILA MORGADES\" \/>\n<meta property=\"og:description\" content=\"Ja hem collit les nostres olives I tenim l&#039;oli novell! 100% varierat arbequina. Fi, suau i equilibrat. Poques ampolles.\" \/>\n<meta property=\"og:url\" content=\"https:\/\/vilamorgades.es\/?p=3073&amp;lang=ca\" \/>\n<meta property=\"og:site_name\" content=\"VILA MORGADES\" \/>\n<meta property=\"article:published_time\" content=\"2021-11-29T19:32:13+00:00\" \/>\n<meta property=\"article:modified_time\" content=\"2022-03-01T10:03:39+00:00\" \/>\n<meta property=\"og:image\" content=\"https:\/\/vilamorgades.es\/wp-content\/uploads\/2021\/11\/image4-5-scaled.jpeg\" \/>\n\t<meta property=\"og:image:width\" content=\"2377\" \/>\n\t<meta property=\"og:image:height\" content=\"2560\" \/>\n\t<meta property=\"og:image:type\" content=\"image\/jpeg\" \/>\n<meta name=\"author\" content=\"maria\" \/>\n<meta name=\"twitter:card\" content=\"summary_large_image\" \/>\n<meta name=\"twitter:label1\" content=\"Written by\" \/>\n\t<meta name=\"twitter:data1\" content=\"maria\" \/>\n\t<meta name=\"twitter:label2\" content=\"Est. reading time\" \/>\n\t<meta name=\"twitter:data2\" content=\"1 minute\" \/>\n<script type=\"application\/ld+json\" class=\"yoast-schema-graph\">{\"@context\":\"https:\/\/schema.org\",\"@graph\":[{\"@type\":\"Article\",\"@id\":\"https:\/\/vilamorgades.es\/?p=3073&lang=ca#article\",\"isPartOf\":{\"@id\":\"https:\/\/vilamorgades.es\/?p=3073&lang=ca\"},\"author\":{\"name\":\"maria\",\"@id\":\"https:\/\/vilamorgades.es\/#\/schema\/person\/ee95443419c2ccde4a032d648fbcfaf1\"},\"headline\":\"Ja tenim l&#8217;oli novell!\",\"datePublished\":\"2021-11-29T19:32:13+00:00\",\"dateModified\":\"2022-03-01T10:03:39+00:00\",\"mainEntityOfPage\":{\"@id\":\"https:\/\/vilamorgades.es\/?p=3073&lang=ca\"},\"wordCount\":171,\"commentCount\":0,\"publisher\":{\"@id\":\"https:\/\/vilamorgades.es\/#organization\"},\"keywords\":[\"100% arbequina\",\"arbequina\",\"oli d&#039;oliva\",\"oli d&#039;oliva verge extra\",\"oliva arbequina\",\"oove\",\"pened\u00e8s\"],\"articleSection\":[\"Hist\u00f2ries\"],\"inLanguage\":\"en-US\",\"potentialAction\":[{\"@type\":\"CommentAction\",\"name\":\"Comment\",\"target\":[\"https:\/\/vilamorgades.es\/?p=3073&lang=ca#respond\"]}]},{\"@type\":\"WebPage\",\"@id\":\"https:\/\/vilamorgades.es\/?p=3073&lang=ca\",\"url\":\"https:\/\/vilamorgades.es\/?p=3073&lang=ca\",\"name\":\"Ja tenim l'oli novell! - VILA MORGADES\",\"isPartOf\":{\"@id\":\"https:\/\/vilamorgades.es\/#website\"},\"datePublished\":\"2021-11-29T19:32:13+00:00\",\"dateModified\":\"2022-03-01T10:03:39+00:00\",\"description\":\"Ja hem collit les nostres olives I tenim l'oli novell! 100% varierat arbequina. Fi, suau i equilibrat. Poques ampolles.\",\"breadcrumb\":{\"@id\":\"https:\/\/vilamorgades.es\/?p=3073&lang=ca#breadcrumb\"},\"inLanguage\":\"en-US\",\"potentialAction\":[{\"@type\":\"ReadAction\",\"target\":[\"https:\/\/vilamorgades.es\/?p=3073&lang=ca\"]}]},{\"@type\":\"BreadcrumbList\",\"@id\":\"https:\/\/vilamorgades.es\/?p=3073&lang=ca#breadcrumb\",\"itemListElement\":[{\"@type\":\"ListItem\",\"position\":1,\"name\":\"Home\",\"item\":\"https:\/\/vilamorgades.es\/\"},{\"@type\":\"ListItem\",\"position\":2,\"name\":\"Ja tenim l&#8217;oli novell!\"}]},{\"@type\":\"WebSite\",\"@id\":\"https:\/\/vilamorgades.es\/#website\",\"url\":\"https:\/\/vilamorgades.es\/\",\"name\":\"VILA MORGADES\",\"description\":\"DES DEL S. XVIII\",\"publisher\":{\"@id\":\"https:\/\/vilamorgades.es\/#organization\"},\"potentialAction\":[{\"@type\":\"SearchAction\",\"target\":{\"@type\":\"EntryPoint\",\"urlTemplate\":\"https:\/\/vilamorgades.es\/?s={search_term_string}\"},\"query-input\":\"required name=search_term_string\"}],\"inLanguage\":\"en-US\"},{\"@type\":\"Organization\",\"@id\":\"https:\/\/vilamorgades.es\/#organization\",\"name\":\"Vila Morgades\",\"url\":\"https:\/\/vilamorgades.es\/\",\"logo\":{\"@type\":\"ImageObject\",\"inLanguage\":\"en-US\",\"@id\":\"https:\/\/vilamorgades.es\/#\/schema\/logo\/image\/\",\"url\":\"https:\/\/vilamorgades.es\/wp-content\/uploads\/2021\/12\/Logo-Vila-Morgades.png\",\"contentUrl\":\"https:\/\/vilamorgades.es\/wp-content\/uploads\/2021\/12\/Logo-Vila-Morgades.png\",\"width\":500,\"height\":500,\"caption\":\"Vila Morgades\"},\"image\":{\"@id\":\"https:\/\/vilamorgades.es\/#\/schema\/logo\/image\/\"},\"sameAs\":[\"https:\/\/www.instagram.com\/vila_morgades\/\"]},{\"@type\":\"Person\",\"@id\":\"https:\/\/vilamorgades.es\/#\/schema\/person\/ee95443419c2ccde4a032d648fbcfaf1\",\"name\":\"maria\",\"image\":{\"@type\":\"ImageObject\",\"inLanguage\":\"en-US\",\"@id\":\"https:\/\/vilamorgades.es\/#\/schema\/person\/image\/\",\"url\":\"https:\/\/secure.gravatar.com\/avatar\/2e2d80b7fb90f37fdde51fa4447ef41dd2c023a9339ddcc08f908b94eb1f24a8?s=96&d=mm&r=g\",\"contentUrl\":\"https:\/\/secure.gravatar.com\/avatar\/2e2d80b7fb90f37fdde51fa4447ef41dd2c023a9339ddcc08f908b94eb1f24a8?s=96&d=mm&r=g\",\"caption\":\"maria\"},\"sameAs\":[\"http:\/\/vilamorgades.es\"],\"url\":\"https:\/\/vilamorgades.es\/?author=1\"}]}<\/script>\n<!-- \/ Yoast SEO plugin. -->","yoast_head_json":{"title":"Ja tenim l'oli novell! - VILA MORGADES","description":"Ja hem collit les nostres olives I tenim l'oli novell! 100% varierat arbequina. Fi, suau i equilibrat. Poques ampolles.","robots":{"index":"index","follow":"follow","max-snippet":"max-snippet:-1","max-image-preview":"max-image-preview:large","max-video-preview":"max-video-preview:-1"},"canonical":"https:\/\/vilamorgades.es\/?p=3073&lang=ca","og_locale":"en_US","og_type":"article","og_title":"Ja tenim l'oli novell! - VILA MORGADES","og_description":"Ja hem collit les nostres olives I tenim l'oli novell! 100% varierat arbequina. Fi, suau i equilibrat. Poques ampolles.","og_url":"https:\/\/vilamorgades.es\/?p=3073&lang=ca","og_site_name":"VILA MORGADES","article_published_time":"2021-11-29T19:32:13+00:00","article_modified_time":"2022-03-01T10:03:39+00:00","og_image":[{"width":2377,"height":2560,"url":"https:\/\/vilamorgades.es\/wp-content\/uploads\/2021\/11\/image4-5-scaled.jpeg","type":"image\/jpeg"}],"author":"maria","twitter_card":"summary_large_image","twitter_misc":{"Written by":"maria","Est. reading time":"1 minute"},"schema":{"@context":"https:\/\/schema.org","@graph":[{"@type":"Article","@id":"https:\/\/vilamorgades.es\/?p=3073&lang=ca#article","isPartOf":{"@id":"https:\/\/vilamorgades.es\/?p=3073&lang=ca"},"author":{"name":"maria","@id":"https:\/\/vilamorgades.es\/#\/schema\/person\/ee95443419c2ccde4a032d648fbcfaf1"},"headline":"Ja tenim l&#8217;oli novell!","datePublished":"2021-11-29T19:32:13+00:00","dateModified":"2022-03-01T10:03:39+00:00","mainEntityOfPage":{"@id":"https:\/\/vilamorgades.es\/?p=3073&lang=ca"},"wordCount":171,"commentCount":0,"publisher":{"@id":"https:\/\/vilamorgades.es\/#organization"},"keywords":["100% arbequina","arbequina","oli d&#039;oliva","oli d&#039;oliva verge extra","oliva arbequina","oove","pened\u00e8s"],"articleSection":["Hist\u00f2ries"],"inLanguage":"en-US","potentialAction":[{"@type":"CommentAction","name":"Comment","target":["https:\/\/vilamorgades.es\/?p=3073&lang=ca#respond"]}]},{"@type":"WebPage","@id":"https:\/\/vilamorgades.es\/?p=3073&lang=ca","url":"https:\/\/vilamorgades.es\/?p=3073&lang=ca","name":"Ja tenim l'oli novell! - VILA MORGADES","isPartOf":{"@id":"https:\/\/vilamorgades.es\/#website"},"datePublished":"2021-11-29T19:32:13+00:00","dateModified":"2022-03-01T10:03:39+00:00","description":"Ja hem collit les nostres olives I tenim l'oli novell! 100% varierat arbequina. Fi, suau i equilibrat. Poques ampolles.","breadcrumb":{"@id":"https:\/\/vilamorgades.es\/?p=3073&lang=ca#breadcrumb"},"inLanguage":"en-US","potentialAction":[{"@type":"ReadAction","target":["https:\/\/vilamorgades.es\/?p=3073&lang=ca"]}]},{"@type":"BreadcrumbList","@id":"https:\/\/vilamorgades.es\/?p=3073&lang=ca#breadcrumb","itemListElement":[{"@type":"ListItem","position":1,"name":"Home","item":"https:\/\/vilamorgades.es\/"},{"@type":"ListItem","position":2,"name":"Ja tenim l&#8217;oli novell!"}]},{"@type":"WebSite","@id":"https:\/\/vilamorgades.es\/#website","url":"https:\/\/vilamorgades.es\/","name":"VILA MORGADES","description":"DES DEL S. XVIII","publisher":{"@id":"https:\/\/vilamorgades.es\/#organization"},"potentialAction":[{"@type":"SearchAction","target":{"@type":"EntryPoint","urlTemplate":"https:\/\/vilamorgades.es\/?s={search_term_string}"},"query-input":"required name=search_term_string"}],"inLanguage":"en-US"},{"@type":"Organization","@id":"https:\/\/vilamorgades.es\/#organization","name":"Vila Morgades","url":"https:\/\/vilamorgades.es\/","logo":{"@type":"ImageObject","inLanguage":"en-US","@id":"https:\/\/vilamorgades.es\/#\/schema\/logo\/image\/","url":"https:\/\/vilamorgades.es\/wp-content\/uploads\/2021\/12\/Logo-Vila-Morgades.png","contentUrl":"https:\/\/vilamorgades.es\/wp-content\/uploads\/2021\/12\/Logo-Vila-Morgades.png","width":500,"height":500,"caption":"Vila Morgades"},"image":{"@id":"https:\/\/vilamorgades.es\/#\/schema\/logo\/image\/"},"sameAs":["https:\/\/www.instagram.com\/vila_morgades\/"]},{"@type":"Person","@id":"https:\/\/vilamorgades.es\/#\/schema\/person\/ee95443419c2ccde4a032d648fbcfaf1","name":"maria","image":{"@type":"ImageObject","inLanguage":"en-US","@id":"https:\/\/vilamorgades.es\/#\/schema\/person\/image\/","url":"https:\/\/secure.gravatar.com\/avatar\/2e2d80b7fb90f37fdde51fa4447ef41dd2c023a9339ddcc08f908b94eb1f24a8?s=96&d=mm&r=g","contentUrl":"https:\/\/secure.gravatar.com\/avatar\/2e2d80b7fb90f37fdde51fa4447ef41dd2c023a9339ddcc08f908b94eb1f24a8?s=96&d=mm&r=g","caption":"maria"},"sameAs":["http:\/\/vilamorgades.es"],"url":"https:\/\/vilamorgades.es\/?author=1"}]}},"_links":{"self":[{"href":"https:\/\/vilamorgades.es\/index.php?rest_route=\/wp\/v2\/posts\/3073","targetHints":{"allow":["GET"]}}],"collection":[{"href":"https:\/\/vilamorgades.es\/index.php?rest_route=\/wp\/v2\/posts"}],"about":[{"href":"https:\/\/vilamorgades.es\/index.php?rest_route=\/wp\/v2\/types\/post"}],"author":[{"embeddable":true,"href":"https:\/\/vilamorgades.es\/index.php?rest_route=\/wp\/v2\/users\/1"}],"replies":[{"embeddable":true,"href":"https:\/\/vilamorgades.es\/index.php?rest_route=%2Fwp%2Fv2%2Fcomments&post=3073"}],"version-history":[{"count":9,"href":"https:\/\/vilamorgades.es\/index.php?rest_route=\/wp\/v2\/posts\/3073\/revisions"}],"predecessor-version":[{"id":3106,"href":"https:\/\/vilamorgades.es\/index.php?rest_route=\/wp\/v2\/posts\/3073\/revisions\/3106"}],"wp:featuredmedia":[{"embeddable":true,"href":"https:\/\/vilamorgades.es\/index.php?rest_route=\/wp\/v2\/media\/3105"}],"wp:attachment":[{"href":"https:\/\/vilamorgades.es\/index.php?rest_route=%2Fwp%2Fv2%2Fmedia&parent=3073"}],"wp:term":[{"taxonomy":"category","embeddable":true,"href":"https:\/\/vilamorgades.es\/index.php?rest_route=%2Fwp%2Fv2%2Fcategories&post=3073"},{"taxonomy":"post_tag","embeddable":true,"href":"https:\/\/vilamorgades.es\/index.php?rest_route=%2Fwp%2Fv2%2Ftags&post=3073"}],"curies":[{"name":"wp","href":"https:\/\/api.w.org\/{rel}","templated":true}]}}