{"id":3254,"date":"2022-04-05T14:45:35","date_gmt":"2022-04-05T14:45:35","guid":{"rendered":"https:\/\/vilamorgades.es\/?p=3254"},"modified":"2022-04-05T14:48:34","modified_gmt":"2022-04-05T14:48:34","slug":"embotellada-i-tiratge","status":"publish","type":"post","link":"https:\/\/vilamorgades.es\/?p=3254&lang=ca","title":{"rendered":"Embotellada i tiratge"},"content":{"rendered":"\n<p>Fa tres setmanes que estem inmersos en la segona feina m\u00e9s important de l&#8217;any, despr\u00e9s de la verema: embotellar. Son dies molt intensos i de molta feina. Embotellar \u00e9s posar el &#8216;vi base&#8217; juntament amb els llevats i els sucres a dins de cada ampolla de cava. Nosaltres fem tot el proc\u00e9s manualment i embotellem per gravetat; aix\u00f2 vol dir que no fem servir cap bomba i d&#8217;aquesta manera el vi no s&#8217;oxida i entra en les millors condicions a l&#8217;ampolla. La seq\u00fc\u00e8ncia \u00e9s: poses el &#8216;vi base&#8217; a les ampolles &#8211; nosaltres ho fem mitjan\u00e7ant uns &#8216;canyos&#8217; -, seguidament poses l&#8217;obturador (petita pe\u00e7a de pl\u00e0stic), despr\u00e9s pugem les ampolles per una canal, i finalment les xapem amb una m\u00e0quina xapadora de l&#8217;any 1961, per\u00f2 que funciona molt b\u00e9! <\/p>\n\n\n\n<p>Tot aix\u00f2, ampolla per ampolla, una per una. <\/p>\n\n\n\n<p>Una vegada estan xapades, s&#8217;han de col\u00b7locar &#8211; tamb\u00e9 una per una &#8211; en posici\u00f3n horitzontal a la cava. Aquest proc\u00e9s es diu &#8220;fer la rima&#8221;. Nosaltres fem la rima amb llates de fusta i \u00e9s un moment de nervis perqu\u00e8 \u00e9s una estructura molt fr\u00e0gil que s&#8217;aguanta amb el mateix pes de les ampolles. <\/p>\n\n\n\n<p>Quan ja estiguin col\u00b7locades &#8216;en rima&#8217;, si tot va b\u00e9, les ampolles comen\u00e7aran a fer la segona fermentaci\u00f3!<\/p>\n\n\n\n<p>Esperem que surti un cava molt bo.<\/p>\n\n\n\n<p>Maria i Carles<\/p>\n","protected":false},"excerpt":{"rendered":"<p>Fa tres setmanes que estem inmersos en la segona feina m\u00e9s important de l&#8217;any, despr\u00e9s de la verema: embotellar. Son &hellip; <\/p>\n","protected":false},"author":1,"featured_media":3258,"comment_status":"open","ping_status":"open","sticky":true,"template":"","format":"standard","meta":{"footnotes":""},"categories":[60],"tags":[131,133,151,165,146,203,202,206,75,205,204],"class_list":["post-3254","post","type-post","status-publish","format-standard","has-post-thumbnail","hentry","category-histories","tag-cal-vila","tag-cava","tag-cava-artesanal","tag-cava-petita","tag-cava-reserva","tag-embotellada","tag-embotellar","tag-en-rima","tag-penedes","tag-rima","tag-tiratge"],"yoast_head":"<!-- This site is optimized with the Yoast SEO plugin v22.1 - https:\/\/yoast.com\/wordpress\/plugins\/seo\/ -->\n<title>Embotellada i tiratge - VILA MORGADES<\/title>\n<meta name=\"description\" content=\"Son dies intensos on fem la segona feina m\u00e9s important de l&#039;any a la cava: fer el tiratge i embotellar. Nosaltres ho fem una per una manualment.\" \/>\n<meta name=\"robots\" content=\"index, follow, max-snippet:-1, max-image-preview:large, max-video-preview:-1\" \/>\n<link rel=\"canonical\" href=\"https:\/\/vilamorgades.es\/?p=3254&lang=ca\" \/>\n<meta property=\"og:locale\" content=\"en_US\" \/>\n<meta property=\"og:type\" content=\"article\" \/>\n<meta property=\"og:title\" content=\"Embotellada i tiratge - VILA MORGADES\" \/>\n<meta property=\"og:description\" content=\"Son dies intensos on fem la segona feina m\u00e9s important de l&#039;any a la cava: fer el tiratge i embotellar. Nosaltres ho fem una per una manualment.\" \/>\n<meta property=\"og:url\" content=\"https:\/\/vilamorgades.es\/?p=3254&amp;lang=ca\" \/>\n<meta property=\"og:site_name\" content=\"VILA MORGADES\" \/>\n<meta property=\"article:published_time\" content=\"2022-04-05T14:45:35+00:00\" \/>\n<meta property=\"article:modified_time\" content=\"2022-04-05T14:48:34+00:00\" \/>\n<meta property=\"og:image\" content=\"https:\/\/vilamorgades.es\/wp-content\/uploads\/2022\/04\/IMG_3327-scaled.jpg\" \/>\n\t<meta property=\"og:image:width\" content=\"1920\" \/>\n\t<meta property=\"og:image:height\" content=\"2560\" \/>\n\t<meta property=\"og:image:type\" content=\"image\/jpeg\" \/>\n<meta name=\"author\" content=\"maria\" \/>\n<meta name=\"twitter:card\" content=\"summary_large_image\" \/>\n<meta name=\"twitter:label1\" content=\"Written by\" \/>\n\t<meta name=\"twitter:data1\" content=\"maria\" \/>\n\t<meta name=\"twitter:label2\" content=\"Est. reading time\" \/>\n\t<meta name=\"twitter:data2\" content=\"1 minute\" \/>\n<script type=\"application\/ld+json\" class=\"yoast-schema-graph\">{\"@context\":\"https:\/\/schema.org\",\"@graph\":[{\"@type\":\"Article\",\"@id\":\"https:\/\/vilamorgades.es\/?p=3254&lang=ca#article\",\"isPartOf\":{\"@id\":\"https:\/\/vilamorgades.es\/?p=3254&lang=ca\"},\"author\":{\"name\":\"maria\",\"@id\":\"https:\/\/vilamorgades.es\/#\/schema\/person\/ee95443419c2ccde4a032d648fbcfaf1\"},\"headline\":\"Embotellada i tiratge\",\"datePublished\":\"2022-04-05T14:45:35+00:00\",\"dateModified\":\"2022-04-05T14:48:34+00:00\",\"mainEntityOfPage\":{\"@id\":\"https:\/\/vilamorgades.es\/?p=3254&lang=ca\"},\"wordCount\":237,\"commentCount\":0,\"publisher\":{\"@id\":\"https:\/\/vilamorgades.es\/#organization\"},\"keywords\":[\"Cal vila\",\"cava\",\"cava artesanal\",\"cava petita\",\"cava reserva\",\"embotellada\",\"embotellar\",\"en rima\",\"pened\u00e8s\",\"rima\",\"tiratge\"],\"articleSection\":[\"Hist\u00f2ries\"],\"inLanguage\":\"en-US\",\"potentialAction\":[{\"@type\":\"CommentAction\",\"name\":\"Comment\",\"target\":[\"https:\/\/vilamorgades.es\/?p=3254&lang=ca#respond\"]}]},{\"@type\":\"WebPage\",\"@id\":\"https:\/\/vilamorgades.es\/?p=3254&lang=ca\",\"url\":\"https:\/\/vilamorgades.es\/?p=3254&lang=ca\",\"name\":\"Embotellada i tiratge - VILA MORGADES\",\"isPartOf\":{\"@id\":\"https:\/\/vilamorgades.es\/#website\"},\"datePublished\":\"2022-04-05T14:45:35+00:00\",\"dateModified\":\"2022-04-05T14:48:34+00:00\",\"description\":\"Son dies intensos on fem la segona feina m\u00e9s important de l'any a la cava: fer el tiratge i embotellar. Nosaltres ho fem una per una manualment.\",\"breadcrumb\":{\"@id\":\"https:\/\/vilamorgades.es\/?p=3254&lang=ca#breadcrumb\"},\"inLanguage\":\"en-US\",\"potentialAction\":[{\"@type\":\"ReadAction\",\"target\":[\"https:\/\/vilamorgades.es\/?p=3254&lang=ca\"]}]},{\"@type\":\"BreadcrumbList\",\"@id\":\"https:\/\/vilamorgades.es\/?p=3254&lang=ca#breadcrumb\",\"itemListElement\":[{\"@type\":\"ListItem\",\"position\":1,\"name\":\"Home\",\"item\":\"https:\/\/vilamorgades.es\/\"},{\"@type\":\"ListItem\",\"position\":2,\"name\":\"Embotellada i tiratge\"}]},{\"@type\":\"WebSite\",\"@id\":\"https:\/\/vilamorgades.es\/#website\",\"url\":\"https:\/\/vilamorgades.es\/\",\"name\":\"VILA MORGADES\",\"description\":\"DES DEL S. XVIII\",\"publisher\":{\"@id\":\"https:\/\/vilamorgades.es\/#organization\"},\"potentialAction\":[{\"@type\":\"SearchAction\",\"target\":{\"@type\":\"EntryPoint\",\"urlTemplate\":\"https:\/\/vilamorgades.es\/?s={search_term_string}\"},\"query-input\":\"required name=search_term_string\"}],\"inLanguage\":\"en-US\"},{\"@type\":\"Organization\",\"@id\":\"https:\/\/vilamorgades.es\/#organization\",\"name\":\"Vila Morgades\",\"url\":\"https:\/\/vilamorgades.es\/\",\"logo\":{\"@type\":\"ImageObject\",\"inLanguage\":\"en-US\",\"@id\":\"https:\/\/vilamorgades.es\/#\/schema\/logo\/image\/\",\"url\":\"https:\/\/vilamorgades.es\/wp-content\/uploads\/2021\/12\/Logo-Vila-Morgades.png\",\"contentUrl\":\"https:\/\/vilamorgades.es\/wp-content\/uploads\/2021\/12\/Logo-Vila-Morgades.png\",\"width\":500,\"height\":500,\"caption\":\"Vila Morgades\"},\"image\":{\"@id\":\"https:\/\/vilamorgades.es\/#\/schema\/logo\/image\/\"},\"sameAs\":[\"https:\/\/www.instagram.com\/vila_morgades\/\"]},{\"@type\":\"Person\",\"@id\":\"https:\/\/vilamorgades.es\/#\/schema\/person\/ee95443419c2ccde4a032d648fbcfaf1\",\"name\":\"maria\",\"image\":{\"@type\":\"ImageObject\",\"inLanguage\":\"en-US\",\"@id\":\"https:\/\/vilamorgades.es\/#\/schema\/person\/image\/\",\"url\":\"https:\/\/secure.gravatar.com\/avatar\/2e2d80b7fb90f37fdde51fa4447ef41dd2c023a9339ddcc08f908b94eb1f24a8?s=96&d=mm&r=g\",\"contentUrl\":\"https:\/\/secure.gravatar.com\/avatar\/2e2d80b7fb90f37fdde51fa4447ef41dd2c023a9339ddcc08f908b94eb1f24a8?s=96&d=mm&r=g\",\"caption\":\"maria\"},\"sameAs\":[\"http:\/\/vilamorgades.es\"],\"url\":\"https:\/\/vilamorgades.es\/?author=1\"}]}<\/script>\n<!-- \/ Yoast SEO plugin. -->","yoast_head_json":{"title":"Embotellada i tiratge - VILA MORGADES","description":"Son dies intensos on fem la segona feina m\u00e9s important de l'any a la cava: fer el tiratge i embotellar. Nosaltres ho fem una per una manualment.","robots":{"index":"index","follow":"follow","max-snippet":"max-snippet:-1","max-image-preview":"max-image-preview:large","max-video-preview":"max-video-preview:-1"},"canonical":"https:\/\/vilamorgades.es\/?p=3254&lang=ca","og_locale":"en_US","og_type":"article","og_title":"Embotellada i tiratge - VILA MORGADES","og_description":"Son dies intensos on fem la segona feina m\u00e9s important de l'any a la cava: fer el tiratge i embotellar. Nosaltres ho fem una per una manualment.","og_url":"https:\/\/vilamorgades.es\/?p=3254&lang=ca","og_site_name":"VILA MORGADES","article_published_time":"2022-04-05T14:45:35+00:00","article_modified_time":"2022-04-05T14:48:34+00:00","og_image":[{"width":1920,"height":2560,"url":"https:\/\/vilamorgades.es\/wp-content\/uploads\/2022\/04\/IMG_3327-scaled.jpg","type":"image\/jpeg"}],"author":"maria","twitter_card":"summary_large_image","twitter_misc":{"Written by":"maria","Est. reading time":"1 minute"},"schema":{"@context":"https:\/\/schema.org","@graph":[{"@type":"Article","@id":"https:\/\/vilamorgades.es\/?p=3254&lang=ca#article","isPartOf":{"@id":"https:\/\/vilamorgades.es\/?p=3254&lang=ca"},"author":{"name":"maria","@id":"https:\/\/vilamorgades.es\/#\/schema\/person\/ee95443419c2ccde4a032d648fbcfaf1"},"headline":"Embotellada i tiratge","datePublished":"2022-04-05T14:45:35+00:00","dateModified":"2022-04-05T14:48:34+00:00","mainEntityOfPage":{"@id":"https:\/\/vilamorgades.es\/?p=3254&lang=ca"},"wordCount":237,"commentCount":0,"publisher":{"@id":"https:\/\/vilamorgades.es\/#organization"},"keywords":["Cal vila","cava","cava artesanal","cava petita","cava reserva","embotellada","embotellar","en rima","pened\u00e8s","rima","tiratge"],"articleSection":["Hist\u00f2ries"],"inLanguage":"en-US","potentialAction":[{"@type":"CommentAction","name":"Comment","target":["https:\/\/vilamorgades.es\/?p=3254&lang=ca#respond"]}]},{"@type":"WebPage","@id":"https:\/\/vilamorgades.es\/?p=3254&lang=ca","url":"https:\/\/vilamorgades.es\/?p=3254&lang=ca","name":"Embotellada i tiratge - VILA MORGADES","isPartOf":{"@id":"https:\/\/vilamorgades.es\/#website"},"datePublished":"2022-04-05T14:45:35+00:00","dateModified":"2022-04-05T14:48:34+00:00","description":"Son dies intensos on fem la segona feina m\u00e9s important de l'any a la cava: fer el tiratge i embotellar. Nosaltres ho fem una per una manualment.","breadcrumb":{"@id":"https:\/\/vilamorgades.es\/?p=3254&lang=ca#breadcrumb"},"inLanguage":"en-US","potentialAction":[{"@type":"ReadAction","target":["https:\/\/vilamorgades.es\/?p=3254&lang=ca"]}]},{"@type":"BreadcrumbList","@id":"https:\/\/vilamorgades.es\/?p=3254&lang=ca#breadcrumb","itemListElement":[{"@type":"ListItem","position":1,"name":"Home","item":"https:\/\/vilamorgades.es\/"},{"@type":"ListItem","position":2,"name":"Embotellada i tiratge"}]},{"@type":"WebSite","@id":"https:\/\/vilamorgades.es\/#website","url":"https:\/\/vilamorgades.es\/","name":"VILA MORGADES","description":"DES DEL S. XVIII","publisher":{"@id":"https:\/\/vilamorgades.es\/#organization"},"potentialAction":[{"@type":"SearchAction","target":{"@type":"EntryPoint","urlTemplate":"https:\/\/vilamorgades.es\/?s={search_term_string}"},"query-input":"required name=search_term_string"}],"inLanguage":"en-US"},{"@type":"Organization","@id":"https:\/\/vilamorgades.es\/#organization","name":"Vila Morgades","url":"https:\/\/vilamorgades.es\/","logo":{"@type":"ImageObject","inLanguage":"en-US","@id":"https:\/\/vilamorgades.es\/#\/schema\/logo\/image\/","url":"https:\/\/vilamorgades.es\/wp-content\/uploads\/2021\/12\/Logo-Vila-Morgades.png","contentUrl":"https:\/\/vilamorgades.es\/wp-content\/uploads\/2021\/12\/Logo-Vila-Morgades.png","width":500,"height":500,"caption":"Vila Morgades"},"image":{"@id":"https:\/\/vilamorgades.es\/#\/schema\/logo\/image\/"},"sameAs":["https:\/\/www.instagram.com\/vila_morgades\/"]},{"@type":"Person","@id":"https:\/\/vilamorgades.es\/#\/schema\/person\/ee95443419c2ccde4a032d648fbcfaf1","name":"maria","image":{"@type":"ImageObject","inLanguage":"en-US","@id":"https:\/\/vilamorgades.es\/#\/schema\/person\/image\/","url":"https:\/\/secure.gravatar.com\/avatar\/2e2d80b7fb90f37fdde51fa4447ef41dd2c023a9339ddcc08f908b94eb1f24a8?s=96&d=mm&r=g","contentUrl":"https:\/\/secure.gravatar.com\/avatar\/2e2d80b7fb90f37fdde51fa4447ef41dd2c023a9339ddcc08f908b94eb1f24a8?s=96&d=mm&r=g","caption":"maria"},"sameAs":["http:\/\/vilamorgades.es"],"url":"https:\/\/vilamorgades.es\/?author=1"}]}},"_links":{"self":[{"href":"https:\/\/vilamorgades.es\/index.php?rest_route=\/wp\/v2\/posts\/3254","targetHints":{"allow":["GET"]}}],"collection":[{"href":"https:\/\/vilamorgades.es\/index.php?rest_route=\/wp\/v2\/posts"}],"about":[{"href":"https:\/\/vilamorgades.es\/index.php?rest_route=\/wp\/v2\/types\/post"}],"author":[{"embeddable":true,"href":"https:\/\/vilamorgades.es\/index.php?rest_route=\/wp\/v2\/users\/1"}],"replies":[{"embeddable":true,"href":"https:\/\/vilamorgades.es\/index.php?rest_route=%2Fwp%2Fv2%2Fcomments&post=3254"}],"version-history":[{"count":1,"href":"https:\/\/vilamorgades.es\/index.php?rest_route=\/wp\/v2\/posts\/3254\/revisions"}],"predecessor-version":[{"id":3257,"href":"https:\/\/vilamorgades.es\/index.php?rest_route=\/wp\/v2\/posts\/3254\/revisions\/3257"}],"wp:featuredmedia":[{"embeddable":true,"href":"https:\/\/vilamorgades.es\/index.php?rest_route=\/wp\/v2\/media\/3258"}],"wp:attachment":[{"href":"https:\/\/vilamorgades.es\/index.php?rest_route=%2Fwp%2Fv2%2Fmedia&parent=3254"}],"wp:term":[{"taxonomy":"category","embeddable":true,"href":"https:\/\/vilamorgades.es\/index.php?rest_route=%2Fwp%2Fv2%2Fcategories&post=3254"},{"taxonomy":"post_tag","embeddable":true,"href":"https:\/\/vilamorgades.es\/index.php?rest_route=%2Fwp%2Fv2%2Ftags&post=3254"}],"curies":[{"name":"wp","href":"https:\/\/api.w.org\/{rel}","templated":true}]}}