{"id":3376,"date":"2023-02-04T19:48:00","date_gmt":"2023-02-04T19:48:00","guid":{"rendered":"https:\/\/vilamorgades.es\/?p=3376"},"modified":"2023-04-28T18:41:44","modified_gmt":"2023-04-28T18:41:44","slug":"cava-nou","status":"publish","type":"post","link":"https:\/\/vilamorgades.es\/?p=3376&lang=ca","title":{"rendered":"Cava jove nou"},"content":{"rendered":"\t\t<div data-elementor-type=\"wp-post\" data-elementor-id=\"3376\" class=\"elementor elementor-3376\">\n\t\t\t\t\t\t\t\t\t<section class=\"elementor-section elementor-top-section elementor-element elementor-element-273cbbd7 elementor-section-boxed elementor-section-height-default elementor-section-height-default\" data-id=\"273cbbd7\" data-element_type=\"section\">\n\t\t\t\t\t\t<div class=\"elementor-container elementor-column-gap-default\">\n\t\t\t\t\t<div class=\"elementor-column elementor-col-100 elementor-top-column elementor-element elementor-element-3687c77f\" data-id=\"3687c77f\" data-element_type=\"column\">\n\t\t\t<div class=\"elementor-widget-wrap elementor-element-populated\">\n\t\t\t\t\t\t\t\t<div class=\"elementor-element elementor-element-9dd0bcc elementor-widget elementor-widget-text-editor\" data-id=\"9dd0bcc\" data-element_type=\"widget\" data-widget_type=\"text-editor.default\">\n\t\t\t\t<div class=\"elementor-widget-container\">\n\t\t\t\t\t\t\t<!-- wp:paragraph -->\n<p>El mes de Gener hem tret un cava nou; el <strong>cava jove 2022<\/strong>. \u00c9s la primera vegada que fem un cava jove i estem contents de com ha quedat. Edici\u00f3 limitada de 1000 ampolles, desgorjat a m\u00e0 i amb una etiqueta diferent de les fotografies dels avantpassats! Hem escollit un pom de flors per representar el car\u00e0cter lleger, suau i floral d&#8217;aquest cava.<\/p>\n<!-- \/wp:paragraph --><!-- wp:paragraph -->\n<p>Escriu-nos i te l&#8217;enviarem a casa.<\/p>\n<!-- \/wp:paragraph -->\t\t\t\t\t\t<\/div>\n\t\t\t\t<\/div>\n\t\t\t\t\t<\/div>\n\t\t<\/div>\n\t\t\t\t\t\t\t<\/div>\n\t\t<\/section>\n\t\t\t\t\t\t\t<\/div>\n\t\t","protected":false},"excerpt":{"rendered":"<p>El mes de Gener hem tret un cava nou; el cava jove 2022. \u00c9s la primera vegada que fem un &hellip; <\/p>\n","protected":false},"author":1,"featured_media":3384,"comment_status":"open","ping_status":"open","sticky":true,"template":"","format":"standard","meta":{"footnotes":""},"categories":[219],"tags":[151,245,246,251,247,249],"class_list":["post-3376","post","type-post","status-publish","format-standard","has-post-thumbnail","hentry","category-histories-sin-categoria-ca","tag-cava-artesanal","tag-cava-jove","tag-cava-nou","tag-cava-penedes","tag-cava-vila-morgades","tag-edicio-limitada"],"yoast_head":"<!-- This site is optimized with the Yoast SEO plugin v22.1 - https:\/\/yoast.com\/wordpress\/plugins\/seo\/ -->\n<title>Cava jove nou - VILA MORGADES<\/title>\n<meta name=\"description\" content=\"Cava nou Vila Morgades 2022. Primer cava jove, desgorjat a m\u00e0, edici\u00f3 limitada.\" \/>\n<meta name=\"robots\" content=\"index, follow, max-snippet:-1, max-image-preview:large, max-video-preview:-1\" \/>\n<link rel=\"canonical\" href=\"https:\/\/vilamorgades.es\/?p=3376&lang=ca\" \/>\n<meta property=\"og:locale\" content=\"en_US\" \/>\n<meta property=\"og:type\" content=\"article\" \/>\n<meta property=\"og:title\" content=\"Cava jove nou - VILA MORGADES\" \/>\n<meta property=\"og:description\" content=\"Cava nou Vila Morgades 2022. Primer cava jove, desgorjat a m\u00e0, edici\u00f3 limitada.\" \/>\n<meta property=\"og:url\" content=\"https:\/\/vilamorgades.es\/?p=3376&amp;lang=ca\" \/>\n<meta property=\"og:site_name\" content=\"VILA MORGADES\" \/>\n<meta property=\"article:published_time\" content=\"2023-02-04T19:48:00+00:00\" \/>\n<meta property=\"article:modified_time\" content=\"2023-04-28T18:41:44+00:00\" \/>\n<meta property=\"og:image\" content=\"https:\/\/vilamorgades.es\/wp-content\/uploads\/2023\/02\/5109d058-65ae-4e72-830f-b2bc8da99dc6-1-e1682707297749.jpg\" \/>\n\t<meta property=\"og:image:width\" content=\"768\" \/>\n\t<meta property=\"og:image:height\" content=\"478\" \/>\n\t<meta property=\"og:image:type\" content=\"image\/jpeg\" \/>\n<meta name=\"author\" content=\"maria\" \/>\n<meta name=\"twitter:card\" content=\"summary_large_image\" \/>\n<meta name=\"twitter:label1\" content=\"Written by\" \/>\n\t<meta name=\"twitter:data1\" content=\"maria\" \/>\n\t<meta name=\"twitter:label2\" content=\"Est. reading time\" \/>\n\t<meta name=\"twitter:data2\" content=\"1 minute\" \/>\n<script type=\"application\/ld+json\" class=\"yoast-schema-graph\">{\"@context\":\"https:\/\/schema.org\",\"@graph\":[{\"@type\":\"Article\",\"@id\":\"https:\/\/vilamorgades.es\/?p=3376&lang=ca#article\",\"isPartOf\":{\"@id\":\"https:\/\/vilamorgades.es\/?p=3376&lang=ca\"},\"author\":{\"name\":\"maria\",\"@id\":\"https:\/\/vilamorgades.es\/#\/schema\/person\/ee95443419c2ccde4a032d648fbcfaf1\"},\"headline\":\"Cava jove nou\",\"datePublished\":\"2023-02-04T19:48:00+00:00\",\"dateModified\":\"2023-04-28T18:41:44+00:00\",\"mainEntityOfPage\":{\"@id\":\"https:\/\/vilamorgades.es\/?p=3376&lang=ca\"},\"wordCount\":71,\"commentCount\":0,\"publisher\":{\"@id\":\"https:\/\/vilamorgades.es\/#organization\"},\"keywords\":[\"cava artesanal\",\"cava jove\",\"cava nou\",\"cava Pened\u00e8s\",\"cava Vila Morgades\",\"Edici\u00f3 limitada\"],\"articleSection\":[\"Hist\u00f2ries\"],\"inLanguage\":\"en-US\",\"potentialAction\":[{\"@type\":\"CommentAction\",\"name\":\"Comment\",\"target\":[\"https:\/\/vilamorgades.es\/?p=3376&lang=ca#respond\"]}]},{\"@type\":\"WebPage\",\"@id\":\"https:\/\/vilamorgades.es\/?p=3376&lang=ca\",\"url\":\"https:\/\/vilamorgades.es\/?p=3376&lang=ca\",\"name\":\"Cava jove nou - VILA MORGADES\",\"isPartOf\":{\"@id\":\"https:\/\/vilamorgades.es\/#website\"},\"datePublished\":\"2023-02-04T19:48:00+00:00\",\"dateModified\":\"2023-04-28T18:41:44+00:00\",\"description\":\"Cava nou Vila Morgades 2022. Primer cava jove, desgorjat a m\u00e0, edici\u00f3 limitada.\",\"breadcrumb\":{\"@id\":\"https:\/\/vilamorgades.es\/?p=3376&lang=ca#breadcrumb\"},\"inLanguage\":\"en-US\",\"potentialAction\":[{\"@type\":\"ReadAction\",\"target\":[\"https:\/\/vilamorgades.es\/?p=3376&lang=ca\"]}]},{\"@type\":\"BreadcrumbList\",\"@id\":\"https:\/\/vilamorgades.es\/?p=3376&lang=ca#breadcrumb\",\"itemListElement\":[{\"@type\":\"ListItem\",\"position\":1,\"name\":\"Home\",\"item\":\"https:\/\/vilamorgades.es\/\"},{\"@type\":\"ListItem\",\"position\":2,\"name\":\"Cava jove nou\"}]},{\"@type\":\"WebSite\",\"@id\":\"https:\/\/vilamorgades.es\/#website\",\"url\":\"https:\/\/vilamorgades.es\/\",\"name\":\"VILA MORGADES\",\"description\":\"DES DEL S. XVIII\",\"publisher\":{\"@id\":\"https:\/\/vilamorgades.es\/#organization\"},\"potentialAction\":[{\"@type\":\"SearchAction\",\"target\":{\"@type\":\"EntryPoint\",\"urlTemplate\":\"https:\/\/vilamorgades.es\/?s={search_term_string}\"},\"query-input\":\"required name=search_term_string\"}],\"inLanguage\":\"en-US\"},{\"@type\":\"Organization\",\"@id\":\"https:\/\/vilamorgades.es\/#organization\",\"name\":\"Vila Morgades\",\"url\":\"https:\/\/vilamorgades.es\/\",\"logo\":{\"@type\":\"ImageObject\",\"inLanguage\":\"en-US\",\"@id\":\"https:\/\/vilamorgades.es\/#\/schema\/logo\/image\/\",\"url\":\"https:\/\/vilamorgades.es\/wp-content\/uploads\/2021\/12\/Logo-Vila-Morgades.png\",\"contentUrl\":\"https:\/\/vilamorgades.es\/wp-content\/uploads\/2021\/12\/Logo-Vila-Morgades.png\",\"width\":500,\"height\":500,\"caption\":\"Vila Morgades\"},\"image\":{\"@id\":\"https:\/\/vilamorgades.es\/#\/schema\/logo\/image\/\"},\"sameAs\":[\"https:\/\/www.instagram.com\/vila_morgades\/\"]},{\"@type\":\"Person\",\"@id\":\"https:\/\/vilamorgades.es\/#\/schema\/person\/ee95443419c2ccde4a032d648fbcfaf1\",\"name\":\"maria\",\"image\":{\"@type\":\"ImageObject\",\"inLanguage\":\"en-US\",\"@id\":\"https:\/\/vilamorgades.es\/#\/schema\/person\/image\/\",\"url\":\"https:\/\/secure.gravatar.com\/avatar\/2e2d80b7fb90f37fdde51fa4447ef41dd2c023a9339ddcc08f908b94eb1f24a8?s=96&d=mm&r=g\",\"contentUrl\":\"https:\/\/secure.gravatar.com\/avatar\/2e2d80b7fb90f37fdde51fa4447ef41dd2c023a9339ddcc08f908b94eb1f24a8?s=96&d=mm&r=g\",\"caption\":\"maria\"},\"sameAs\":[\"http:\/\/vilamorgades.es\"],\"url\":\"https:\/\/vilamorgades.es\/?author=1\"}]}<\/script>\n<!-- \/ Yoast SEO plugin. -->","yoast_head_json":{"title":"Cava jove nou - VILA MORGADES","description":"Cava nou Vila Morgades 2022. Primer cava jove, desgorjat a m\u00e0, edici\u00f3 limitada.","robots":{"index":"index","follow":"follow","max-snippet":"max-snippet:-1","max-image-preview":"max-image-preview:large","max-video-preview":"max-video-preview:-1"},"canonical":"https:\/\/vilamorgades.es\/?p=3376&lang=ca","og_locale":"en_US","og_type":"article","og_title":"Cava jove nou - VILA MORGADES","og_description":"Cava nou Vila Morgades 2022. Primer cava jove, desgorjat a m\u00e0, edici\u00f3 limitada.","og_url":"https:\/\/vilamorgades.es\/?p=3376&lang=ca","og_site_name":"VILA MORGADES","article_published_time":"2023-02-04T19:48:00+00:00","article_modified_time":"2023-04-28T18:41:44+00:00","og_image":[{"width":768,"height":478,"url":"https:\/\/vilamorgades.es\/wp-content\/uploads\/2023\/02\/5109d058-65ae-4e72-830f-b2bc8da99dc6-1-e1682707297749.jpg","type":"image\/jpeg"}],"author":"maria","twitter_card":"summary_large_image","twitter_misc":{"Written by":"maria","Est. reading time":"1 minute"},"schema":{"@context":"https:\/\/schema.org","@graph":[{"@type":"Article","@id":"https:\/\/vilamorgades.es\/?p=3376&lang=ca#article","isPartOf":{"@id":"https:\/\/vilamorgades.es\/?p=3376&lang=ca"},"author":{"name":"maria","@id":"https:\/\/vilamorgades.es\/#\/schema\/person\/ee95443419c2ccde4a032d648fbcfaf1"},"headline":"Cava jove nou","datePublished":"2023-02-04T19:48:00+00:00","dateModified":"2023-04-28T18:41:44+00:00","mainEntityOfPage":{"@id":"https:\/\/vilamorgades.es\/?p=3376&lang=ca"},"wordCount":71,"commentCount":0,"publisher":{"@id":"https:\/\/vilamorgades.es\/#organization"},"keywords":["cava artesanal","cava jove","cava nou","cava Pened\u00e8s","cava Vila Morgades","Edici\u00f3 limitada"],"articleSection":["Hist\u00f2ries"],"inLanguage":"en-US","potentialAction":[{"@type":"CommentAction","name":"Comment","target":["https:\/\/vilamorgades.es\/?p=3376&lang=ca#respond"]}]},{"@type":"WebPage","@id":"https:\/\/vilamorgades.es\/?p=3376&lang=ca","url":"https:\/\/vilamorgades.es\/?p=3376&lang=ca","name":"Cava jove nou - VILA MORGADES","isPartOf":{"@id":"https:\/\/vilamorgades.es\/#website"},"datePublished":"2023-02-04T19:48:00+00:00","dateModified":"2023-04-28T18:41:44+00:00","description":"Cava nou Vila Morgades 2022. Primer cava jove, desgorjat a m\u00e0, edici\u00f3 limitada.","breadcrumb":{"@id":"https:\/\/vilamorgades.es\/?p=3376&lang=ca#breadcrumb"},"inLanguage":"en-US","potentialAction":[{"@type":"ReadAction","target":["https:\/\/vilamorgades.es\/?p=3376&lang=ca"]}]},{"@type":"BreadcrumbList","@id":"https:\/\/vilamorgades.es\/?p=3376&lang=ca#breadcrumb","itemListElement":[{"@type":"ListItem","position":1,"name":"Home","item":"https:\/\/vilamorgades.es\/"},{"@type":"ListItem","position":2,"name":"Cava jove nou"}]},{"@type":"WebSite","@id":"https:\/\/vilamorgades.es\/#website","url":"https:\/\/vilamorgades.es\/","name":"VILA MORGADES","description":"DES DEL S. XVIII","publisher":{"@id":"https:\/\/vilamorgades.es\/#organization"},"potentialAction":[{"@type":"SearchAction","target":{"@type":"EntryPoint","urlTemplate":"https:\/\/vilamorgades.es\/?s={search_term_string}"},"query-input":"required name=search_term_string"}],"inLanguage":"en-US"},{"@type":"Organization","@id":"https:\/\/vilamorgades.es\/#organization","name":"Vila Morgades","url":"https:\/\/vilamorgades.es\/","logo":{"@type":"ImageObject","inLanguage":"en-US","@id":"https:\/\/vilamorgades.es\/#\/schema\/logo\/image\/","url":"https:\/\/vilamorgades.es\/wp-content\/uploads\/2021\/12\/Logo-Vila-Morgades.png","contentUrl":"https:\/\/vilamorgades.es\/wp-content\/uploads\/2021\/12\/Logo-Vila-Morgades.png","width":500,"height":500,"caption":"Vila Morgades"},"image":{"@id":"https:\/\/vilamorgades.es\/#\/schema\/logo\/image\/"},"sameAs":["https:\/\/www.instagram.com\/vila_morgades\/"]},{"@type":"Person","@id":"https:\/\/vilamorgades.es\/#\/schema\/person\/ee95443419c2ccde4a032d648fbcfaf1","name":"maria","image":{"@type":"ImageObject","inLanguage":"en-US","@id":"https:\/\/vilamorgades.es\/#\/schema\/person\/image\/","url":"https:\/\/secure.gravatar.com\/avatar\/2e2d80b7fb90f37fdde51fa4447ef41dd2c023a9339ddcc08f908b94eb1f24a8?s=96&d=mm&r=g","contentUrl":"https:\/\/secure.gravatar.com\/avatar\/2e2d80b7fb90f37fdde51fa4447ef41dd2c023a9339ddcc08f908b94eb1f24a8?s=96&d=mm&r=g","caption":"maria"},"sameAs":["http:\/\/vilamorgades.es"],"url":"https:\/\/vilamorgades.es\/?author=1"}]}},"_links":{"self":[{"href":"https:\/\/vilamorgades.es\/index.php?rest_route=\/wp\/v2\/posts\/3376","targetHints":{"allow":["GET"]}}],"collection":[{"href":"https:\/\/vilamorgades.es\/index.php?rest_route=\/wp\/v2\/posts"}],"about":[{"href":"https:\/\/vilamorgades.es\/index.php?rest_route=\/wp\/v2\/types\/post"}],"author":[{"embeddable":true,"href":"https:\/\/vilamorgades.es\/index.php?rest_route=\/wp\/v2\/users\/1"}],"replies":[{"embeddable":true,"href":"https:\/\/vilamorgades.es\/index.php?rest_route=%2Fwp%2Fv2%2Fcomments&post=3376"}],"version-history":[{"count":5,"href":"https:\/\/vilamorgades.es\/index.php?rest_route=\/wp\/v2\/posts\/3376\/revisions"}],"predecessor-version":[{"id":3386,"href":"https:\/\/vilamorgades.es\/index.php?rest_route=\/wp\/v2\/posts\/3376\/revisions\/3386"}],"wp:featuredmedia":[{"embeddable":true,"href":"https:\/\/vilamorgades.es\/index.php?rest_route=\/wp\/v2\/media\/3384"}],"wp:attachment":[{"href":"https:\/\/vilamorgades.es\/index.php?rest_route=%2Fwp%2Fv2%2Fmedia&parent=3376"}],"wp:term":[{"taxonomy":"category","embeddable":true,"href":"https:\/\/vilamorgades.es\/index.php?rest_route=%2Fwp%2Fv2%2Fcategories&post=3376"},{"taxonomy":"post_tag","embeddable":true,"href":"https:\/\/vilamorgades.es\/index.php?rest_route=%2Fwp%2Fv2%2Ftags&post=3376"}],"curies":[{"name":"wp","href":"https:\/\/api.w.org\/{rel}","templated":true}]}}