{"id":3404,"date":"2023-03-22T17:38:49","date_gmt":"2023-03-22T17:38:49","guid":{"rendered":"https:\/\/vilamorgades.es\/?p=3404"},"modified":"2023-04-28T18:33:15","modified_gmt":"2023-04-28T18:33:15","slug":"concierto","status":"publish","type":"post","link":"https:\/\/vilamorgades.es\/?p=3404","title":{"rendered":"Concierto ac\u00fastico"},"content":{"rendered":"\n<p>El pr\u00f3ximo <strong>s\u00e1bado 15 de abril <\/strong>de 2023 haremos un concierto ac\u00fastico en Cal Vila. Un concierto \u00edntimo rodeado de vi\u00f1edos donde podr\u00e1s escuchar en ac\u00fastico a los cl\u00e1sicos de todos los tiempos de la mano de Sonia G, cantante barcelonesa. Ofrecer\u00e1 un repertorio desde el jazz, la bossanova, el soul, hasta el pop mel\u00f3dico, mientras tomas una copa de cava en la cava m\u00e1s peque\u00f1a de Espa\u00f1a. Diana Krall, Karen Souza, Green, Amy Winehouse, Sade, Abba&#8230; y otros cl\u00e1sicos en una ma\u00f1ana distinta. <\/p>\n\n\n\n<p>El concierto empezar\u00e1 a las 12 h y las entradas se pueden comprar en: <a href=\"https:\/\/feverup.com\/m\/126842\" target=\"_blank\" rel=\"noreferrer noopener\">https:\/\/feverup.com\/m\/126842<\/a><\/p>\n","protected":false},"excerpt":{"rendered":"<p>El pr\u00f3ximo s\u00e1bado 15 de abril de 2023 haremos un concierto ac\u00fastico en Cal Vila. Un concierto \u00edntimo rodeado de &hellip; <\/p>\n","protected":false},"author":1,"featured_media":3407,"comment_status":"open","ping_status":"open","sticky":true,"template":"","format":"standard","meta":{"footnotes":""},"categories":[54],"tags":[131,77,285,95,283,89,137,281,75,287],"class_list":["post-3404","post","type-post","status-publish","format-standard","has-post-thumbnail","hentry","category-historias","tag-cal-vila","tag-castellvi-de-la-marca","tag-cava-penedes-es","tag-concierto","tag-concierto-acustico","tag-concierto-de-jazz","tag-musica-en-directo","tag-musica-en-vivo","tag-penedes","tag-soul-es"],"yoast_head":"<!-- This site is optimized with the Yoast SEO plugin v22.1 - https:\/\/yoast.com\/wordpress\/plugins\/seo\/ -->\n<title>Concierto ac\u00fastico - VILA MORGADES<\/title>\n<meta name=\"description\" content=\"S\u00e1bado 15 de abril a las 12h concierto ac\u00fastico de soul, bossanova, jazz... con una copa de cava Vila Morgades.\" \/>\n<meta name=\"robots\" content=\"index, follow, max-snippet:-1, max-image-preview:large, max-video-preview:-1\" \/>\n<link rel=\"canonical\" href=\"https:\/\/vilamorgades.es\/?p=3404\" \/>\n<meta property=\"og:locale\" content=\"en_US\" \/>\n<meta property=\"og:type\" content=\"article\" \/>\n<meta property=\"og:title\" content=\"Concierto ac\u00fastico - VILA MORGADES\" \/>\n<meta property=\"og:description\" content=\"S\u00e1bado 15 de abril a las 12h concierto ac\u00fastico de soul, bossanova, jazz... con una copa de cava Vila Morgades.\" \/>\n<meta property=\"og:url\" content=\"https:\/\/vilamorgades.es\/?p=3404\" \/>\n<meta property=\"og:site_name\" content=\"VILA MORGADES\" \/>\n<meta property=\"article:published_time\" content=\"2023-03-22T17:38:49+00:00\" \/>\n<meta property=\"article:modified_time\" content=\"2023-04-28T18:33:15+00:00\" \/>\n<meta property=\"og:image\" content=\"https:\/\/vilamorgades.es\/wp-content\/uploads\/2023\/03\/66f83f29-fc01-4f09-b849-87b51959f696-e1682706783919.jpg\" \/>\n\t<meta property=\"og:image:width\" content=\"553\" \/>\n\t<meta property=\"og:image:height\" content=\"347\" \/>\n\t<meta property=\"og:image:type\" content=\"image\/jpeg\" \/>\n<meta name=\"author\" content=\"maria\" \/>\n<meta name=\"twitter:card\" content=\"summary_large_image\" \/>\n<meta name=\"twitter:label1\" content=\"Written by\" \/>\n\t<meta name=\"twitter:data1\" content=\"maria\" \/>\n\t<meta name=\"twitter:label2\" content=\"Est. reading time\" \/>\n\t<meta name=\"twitter:data2\" content=\"1 minute\" \/>\n<script type=\"application\/ld+json\" class=\"yoast-schema-graph\">{\"@context\":\"https:\/\/schema.org\",\"@graph\":[{\"@type\":\"Article\",\"@id\":\"https:\/\/vilamorgades.es\/?p=3404#article\",\"isPartOf\":{\"@id\":\"https:\/\/vilamorgades.es\/?p=3404\"},\"author\":{\"name\":\"maria\",\"@id\":\"https:\/\/vilamorgades.es\/#\/schema\/person\/ee95443419c2ccde4a032d648fbcfaf1\"},\"headline\":\"Concierto ac\u00fastico\",\"datePublished\":\"2023-03-22T17:38:49+00:00\",\"dateModified\":\"2023-04-28T18:33:15+00:00\",\"mainEntityOfPage\":{\"@id\":\"https:\/\/vilamorgades.es\/?p=3404\"},\"wordCount\":115,\"commentCount\":0,\"publisher\":{\"@id\":\"https:\/\/vilamorgades.es\/#organization\"},\"keywords\":[\"Cal vila\",\"Castellv\u00ed de la marca\",\"cava Pened\u00e8s\",\"concierto\",\"concierto ac\u00fastico\",\"concierto de jazz\",\"musica en directo\",\"musica en vivo\",\"pened\u00e8s\",\"soul\"],\"articleSection\":[\"Historias\"],\"inLanguage\":\"en-US\",\"potentialAction\":[{\"@type\":\"CommentAction\",\"name\":\"Comment\",\"target\":[\"https:\/\/vilamorgades.es\/?p=3404#respond\"]}]},{\"@type\":\"WebPage\",\"@id\":\"https:\/\/vilamorgades.es\/?p=3404\",\"url\":\"https:\/\/vilamorgades.es\/?p=3404\",\"name\":\"Concierto ac\u00fastico - VILA MORGADES\",\"isPartOf\":{\"@id\":\"https:\/\/vilamorgades.es\/#website\"},\"datePublished\":\"2023-03-22T17:38:49+00:00\",\"dateModified\":\"2023-04-28T18:33:15+00:00\",\"description\":\"S\u00e1bado 15 de abril a las 12h concierto ac\u00fastico de soul, bossanova, jazz... con una copa de cava Vila Morgades.\",\"breadcrumb\":{\"@id\":\"https:\/\/vilamorgades.es\/?p=3404#breadcrumb\"},\"inLanguage\":\"en-US\",\"potentialAction\":[{\"@type\":\"ReadAction\",\"target\":[\"https:\/\/vilamorgades.es\/?p=3404\"]}]},{\"@type\":\"BreadcrumbList\",\"@id\":\"https:\/\/vilamorgades.es\/?p=3404#breadcrumb\",\"itemListElement\":[{\"@type\":\"ListItem\",\"position\":1,\"name\":\"Home\",\"item\":\"https:\/\/vilamorgades.es\/\"},{\"@type\":\"ListItem\",\"position\":2,\"name\":\"Concierto ac\u00fastico\"}]},{\"@type\":\"WebSite\",\"@id\":\"https:\/\/vilamorgades.es\/#website\",\"url\":\"https:\/\/vilamorgades.es\/\",\"name\":\"VILA MORGADES\",\"description\":\"DES DEL S. XVIII\",\"publisher\":{\"@id\":\"https:\/\/vilamorgades.es\/#organization\"},\"potentialAction\":[{\"@type\":\"SearchAction\",\"target\":{\"@type\":\"EntryPoint\",\"urlTemplate\":\"https:\/\/vilamorgades.es\/?s={search_term_string}\"},\"query-input\":\"required name=search_term_string\"}],\"inLanguage\":\"en-US\"},{\"@type\":\"Organization\",\"@id\":\"https:\/\/vilamorgades.es\/#organization\",\"name\":\"Vila Morgades\",\"url\":\"https:\/\/vilamorgades.es\/\",\"logo\":{\"@type\":\"ImageObject\",\"inLanguage\":\"en-US\",\"@id\":\"https:\/\/vilamorgades.es\/#\/schema\/logo\/image\/\",\"url\":\"https:\/\/vilamorgades.es\/wp-content\/uploads\/2021\/12\/Logo-Vila-Morgades.png\",\"contentUrl\":\"https:\/\/vilamorgades.es\/wp-content\/uploads\/2021\/12\/Logo-Vila-Morgades.png\",\"width\":500,\"height\":500,\"caption\":\"Vila Morgades\"},\"image\":{\"@id\":\"https:\/\/vilamorgades.es\/#\/schema\/logo\/image\/\"},\"sameAs\":[\"https:\/\/www.instagram.com\/vila_morgades\/\"]},{\"@type\":\"Person\",\"@id\":\"https:\/\/vilamorgades.es\/#\/schema\/person\/ee95443419c2ccde4a032d648fbcfaf1\",\"name\":\"maria\",\"image\":{\"@type\":\"ImageObject\",\"inLanguage\":\"en-US\",\"@id\":\"https:\/\/vilamorgades.es\/#\/schema\/person\/image\/\",\"url\":\"https:\/\/secure.gravatar.com\/avatar\/2e2d80b7fb90f37fdde51fa4447ef41dd2c023a9339ddcc08f908b94eb1f24a8?s=96&d=mm&r=g\",\"contentUrl\":\"https:\/\/secure.gravatar.com\/avatar\/2e2d80b7fb90f37fdde51fa4447ef41dd2c023a9339ddcc08f908b94eb1f24a8?s=96&d=mm&r=g\",\"caption\":\"maria\"},\"sameAs\":[\"http:\/\/vilamorgades.es\"],\"url\":\"https:\/\/vilamorgades.es\/?author=1\"}]}<\/script>\n<!-- \/ Yoast SEO plugin. -->","yoast_head_json":{"title":"Concierto ac\u00fastico - VILA MORGADES","description":"S\u00e1bado 15 de abril a las 12h concierto ac\u00fastico de soul, bossanova, jazz... con una copa de cava Vila Morgades.","robots":{"index":"index","follow":"follow","max-snippet":"max-snippet:-1","max-image-preview":"max-image-preview:large","max-video-preview":"max-video-preview:-1"},"canonical":"https:\/\/vilamorgades.es\/?p=3404","og_locale":"en_US","og_type":"article","og_title":"Concierto ac\u00fastico - VILA MORGADES","og_description":"S\u00e1bado 15 de abril a las 12h concierto ac\u00fastico de soul, bossanova, jazz... con una copa de cava Vila Morgades.","og_url":"https:\/\/vilamorgades.es\/?p=3404","og_site_name":"VILA MORGADES","article_published_time":"2023-03-22T17:38:49+00:00","article_modified_time":"2023-04-28T18:33:15+00:00","og_image":[{"width":553,"height":347,"url":"https:\/\/vilamorgades.es\/wp-content\/uploads\/2023\/03\/66f83f29-fc01-4f09-b849-87b51959f696-e1682706783919.jpg","type":"image\/jpeg"}],"author":"maria","twitter_card":"summary_large_image","twitter_misc":{"Written by":"maria","Est. reading time":"1 minute"},"schema":{"@context":"https:\/\/schema.org","@graph":[{"@type":"Article","@id":"https:\/\/vilamorgades.es\/?p=3404#article","isPartOf":{"@id":"https:\/\/vilamorgades.es\/?p=3404"},"author":{"name":"maria","@id":"https:\/\/vilamorgades.es\/#\/schema\/person\/ee95443419c2ccde4a032d648fbcfaf1"},"headline":"Concierto ac\u00fastico","datePublished":"2023-03-22T17:38:49+00:00","dateModified":"2023-04-28T18:33:15+00:00","mainEntityOfPage":{"@id":"https:\/\/vilamorgades.es\/?p=3404"},"wordCount":115,"commentCount":0,"publisher":{"@id":"https:\/\/vilamorgades.es\/#organization"},"keywords":["Cal vila","Castellv\u00ed de la marca","cava Pened\u00e8s","concierto","concierto ac\u00fastico","concierto de jazz","musica en directo","musica en vivo","pened\u00e8s","soul"],"articleSection":["Historias"],"inLanguage":"en-US","potentialAction":[{"@type":"CommentAction","name":"Comment","target":["https:\/\/vilamorgades.es\/?p=3404#respond"]}]},{"@type":"WebPage","@id":"https:\/\/vilamorgades.es\/?p=3404","url":"https:\/\/vilamorgades.es\/?p=3404","name":"Concierto ac\u00fastico - VILA MORGADES","isPartOf":{"@id":"https:\/\/vilamorgades.es\/#website"},"datePublished":"2023-03-22T17:38:49+00:00","dateModified":"2023-04-28T18:33:15+00:00","description":"S\u00e1bado 15 de abril a las 12h concierto ac\u00fastico de soul, bossanova, jazz... con una copa de cava Vila Morgades.","breadcrumb":{"@id":"https:\/\/vilamorgades.es\/?p=3404#breadcrumb"},"inLanguage":"en-US","potentialAction":[{"@type":"ReadAction","target":["https:\/\/vilamorgades.es\/?p=3404"]}]},{"@type":"BreadcrumbList","@id":"https:\/\/vilamorgades.es\/?p=3404#breadcrumb","itemListElement":[{"@type":"ListItem","position":1,"name":"Home","item":"https:\/\/vilamorgades.es\/"},{"@type":"ListItem","position":2,"name":"Concierto ac\u00fastico"}]},{"@type":"WebSite","@id":"https:\/\/vilamorgades.es\/#website","url":"https:\/\/vilamorgades.es\/","name":"VILA MORGADES","description":"DES DEL S. XVIII","publisher":{"@id":"https:\/\/vilamorgades.es\/#organization"},"potentialAction":[{"@type":"SearchAction","target":{"@type":"EntryPoint","urlTemplate":"https:\/\/vilamorgades.es\/?s={search_term_string}"},"query-input":"required name=search_term_string"}],"inLanguage":"en-US"},{"@type":"Organization","@id":"https:\/\/vilamorgades.es\/#organization","name":"Vila Morgades","url":"https:\/\/vilamorgades.es\/","logo":{"@type":"ImageObject","inLanguage":"en-US","@id":"https:\/\/vilamorgades.es\/#\/schema\/logo\/image\/","url":"https:\/\/vilamorgades.es\/wp-content\/uploads\/2021\/12\/Logo-Vila-Morgades.png","contentUrl":"https:\/\/vilamorgades.es\/wp-content\/uploads\/2021\/12\/Logo-Vila-Morgades.png","width":500,"height":500,"caption":"Vila Morgades"},"image":{"@id":"https:\/\/vilamorgades.es\/#\/schema\/logo\/image\/"},"sameAs":["https:\/\/www.instagram.com\/vila_morgades\/"]},{"@type":"Person","@id":"https:\/\/vilamorgades.es\/#\/schema\/person\/ee95443419c2ccde4a032d648fbcfaf1","name":"maria","image":{"@type":"ImageObject","inLanguage":"en-US","@id":"https:\/\/vilamorgades.es\/#\/schema\/person\/image\/","url":"https:\/\/secure.gravatar.com\/avatar\/2e2d80b7fb90f37fdde51fa4447ef41dd2c023a9339ddcc08f908b94eb1f24a8?s=96&d=mm&r=g","contentUrl":"https:\/\/secure.gravatar.com\/avatar\/2e2d80b7fb90f37fdde51fa4447ef41dd2c023a9339ddcc08f908b94eb1f24a8?s=96&d=mm&r=g","caption":"maria"},"sameAs":["http:\/\/vilamorgades.es"],"url":"https:\/\/vilamorgades.es\/?author=1"}]}},"_links":{"self":[{"href":"https:\/\/vilamorgades.es\/index.php?rest_route=\/wp\/v2\/posts\/3404","targetHints":{"allow":["GET"]}}],"collection":[{"href":"https:\/\/vilamorgades.es\/index.php?rest_route=\/wp\/v2\/posts"}],"about":[{"href":"https:\/\/vilamorgades.es\/index.php?rest_route=\/wp\/v2\/types\/post"}],"author":[{"embeddable":true,"href":"https:\/\/vilamorgades.es\/index.php?rest_route=\/wp\/v2\/users\/1"}],"replies":[{"embeddable":true,"href":"https:\/\/vilamorgades.es\/index.php?rest_route=%2Fwp%2Fv2%2Fcomments&post=3404"}],"version-history":[{"count":3,"href":"https:\/\/vilamorgades.es\/index.php?rest_route=\/wp\/v2\/posts\/3404\/revisions"}],"predecessor-version":[{"id":3408,"href":"https:\/\/vilamorgades.es\/index.php?rest_route=\/wp\/v2\/posts\/3404\/revisions\/3408"}],"wp:featuredmedia":[{"embeddable":true,"href":"https:\/\/vilamorgades.es\/index.php?rest_route=\/wp\/v2\/media\/3407"}],"wp:attachment":[{"href":"https:\/\/vilamorgades.es\/index.php?rest_route=%2Fwp%2Fv2%2Fmedia&parent=3404"}],"wp:term":[{"taxonomy":"category","embeddable":true,"href":"https:\/\/vilamorgades.es\/index.php?rest_route=%2Fwp%2Fv2%2Fcategories&post=3404"},{"taxonomy":"post_tag","embeddable":true,"href":"https:\/\/vilamorgades.es\/index.php?rest_route=%2Fwp%2Fv2%2Ftags&post=3404"}],"curies":[{"name":"wp","href":"https:\/\/api.w.org\/{rel}","templated":true}]}}