{"id":3417,"date":"2023-04-13T17:46:30","date_gmt":"2023-04-13T17:46:30","guid":{"rendered":"https:\/\/vilamorgades.es\/?p=3417"},"modified":"2023-04-28T18:19:12","modified_gmt":"2023-04-28T18:19:12","slug":"ioga-entre-vinyes","status":"publish","type":"post","link":"https:\/\/vilamorgades.es\/?p=3417&lang=ca","title":{"rendered":"Ioga entre vinyes"},"content":{"rendered":"\n<p>Nova activitat a Cal Vila: ioga entre vinyes amb Judith Gil! <\/p>\n\n\n\n<p>Vinyasa Yoga &amp; Cata de cava amb maridatge saludable<\/p>\n\n\n\n<p><strong><a href=\"https:\/\/www.iogaentrevinyes.com\" target=\"_blank\" rel=\"noreferrer noopener\">Ioga entre vinyes<\/a><\/strong> \u00e9s una experi\u00e8ncia sensorial \u00fanica. Les nostres sessions de ioga us portaran a un estat de relaxaci\u00f3 i pau interior. Un cop aqu\u00ed, utilitzarem els teus sentits perqu\u00e8 gaudeixis del cava com mai no ho havies experimentat.<br>L\u00b4experi\u00e8ncia consisteix en una sessi\u00f3 de ioga (vinyasa) adaptada al nivell de cada participant i de durada aproximada de 1h. Despr\u00e9s de la meditaci\u00f3 final, comen\u00e7arem un tast guiat del nostre cava acompanyat d&#8217;un maridatge saludable*.<\/p>\n\n\n\n<p>Dates disponibles:<\/p>\n\n\n\n<p><strong>Diumenge 28 de Maig a les 10h<\/strong>. Cal Vila.<\/p>\n\n\n\n<p><strong>Dissabte 10 de Juny a les 9h<\/strong>. Cal Vila.<\/p>\n\n\n\n<p>Preu: 35\u20ac\/persona<\/p>\n\n\n\n<p>*el maridatge saludable inclou formatges artesans locals, humus amb crudit\u00e9s, olivada, fruita del temps, pa de forner i el nostre oli d&#8217;oliva verge extra. Per intoler\u00e0ncies, si us plau feu-nos-ho saber amb antal\u00b7laci\u00f3.<\/p>\n\n\n\n<p>Posarem a la vostra disposici\u00f3 mats de yoga i blocs. <\/p>\n\n\n\n<p>Per inscriure&#8217;s, cal enviar un correu a maria@vilamorgades.com <\/p>\n\n\n\n<p>Places limitades.<\/p>\n\n\n\n<p><a href=\"https:\/\/www.iogaentrevinyes.com\/\" target=\"_blank\" rel=\"noreferrer noopener\">Ioga entre vinyes<\/a>&nbsp;\u00e9s una experi\u00e8ncia sensorial \u00fanica creada per Fet\u00e9n Wines y Judith Gil&nbsp;Yoga.<\/p>\n","protected":false},"excerpt":{"rendered":"<p>Nova activitat a Cal Vila: ioga entre vinyes amb Judith Gil! Vinyasa Yoga &amp; Cata de cava amb maridatge saludable &hellip; <\/p>\n","protected":false},"author":1,"featured_media":3418,"comment_status":"open","ping_status":"open","sticky":true,"template":"","format":"standard","meta":{"footnotes":""},"categories":[60,219],"tags":[301,251,247,305,326,324,303,322,299],"class_list":["post-3417","post","type-post","status-publish","format-standard","has-post-thumbnail","hentry","category-histories","category-histories-sin-categoria-ca","tag-cava-yoga","tag-cava-penedes","tag-cava-vila-morgades","tag-ioga","tag-ioga-brunch","tag-ioga-cava","tag-ioga-entre-vinyes","tag-ioga-exterior","tag-yoga"],"yoast_head":"<!-- This site is optimized with the Yoast SEO plugin v22.1 - https:\/\/yoast.com\/wordpress\/plugins\/seo\/ -->\n<title>Ioga entre vinyes - VILA MORGADES<\/title>\n<meta name=\"description\" content=\"Ioga entre vinyes &amp; cata de cava amb maridatge saludable a Cal Vila. Diumenge 28 de maig i Dissabte 10 de juny.\" \/>\n<meta name=\"robots\" content=\"index, follow, max-snippet:-1, max-image-preview:large, max-video-preview:-1\" \/>\n<link rel=\"canonical\" href=\"https:\/\/vilamorgades.es\/?p=3417&lang=ca\" \/>\n<meta property=\"og:locale\" content=\"en_US\" \/>\n<meta property=\"og:type\" content=\"article\" \/>\n<meta property=\"og:title\" content=\"Ioga entre vinyes - VILA MORGADES\" \/>\n<meta property=\"og:description\" content=\"Ioga entre vinyes &amp; cata de cava amb maridatge saludable a Cal Vila. Diumenge 28 de maig i Dissabte 10 de juny.\" \/>\n<meta property=\"og:url\" content=\"https:\/\/vilamorgades.es\/?p=3417&amp;lang=ca\" \/>\n<meta property=\"og:site_name\" content=\"VILA MORGADES\" \/>\n<meta property=\"article:published_time\" content=\"2023-04-13T17:46:30+00:00\" \/>\n<meta property=\"article:modified_time\" content=\"2023-04-28T18:19:12+00:00\" \/>\n<meta property=\"og:image\" content=\"https:\/\/vilamorgades.es\/wp-content\/uploads\/2023\/04\/image00005-2.jpeg\" \/>\n\t<meta property=\"og:image:width\" content=\"2048\" \/>\n\t<meta property=\"og:image:height\" content=\"1536\" \/>\n\t<meta property=\"og:image:type\" content=\"image\/jpeg\" \/>\n<meta name=\"author\" content=\"maria\" \/>\n<meta name=\"twitter:card\" content=\"summary_large_image\" \/>\n<meta name=\"twitter:label1\" content=\"Written by\" \/>\n\t<meta name=\"twitter:data1\" content=\"maria\" \/>\n\t<meta name=\"twitter:label2\" content=\"Est. reading time\" \/>\n\t<meta name=\"twitter:data2\" content=\"1 minute\" \/>\n<script type=\"application\/ld+json\" class=\"yoast-schema-graph\">{\"@context\":\"https:\/\/schema.org\",\"@graph\":[{\"@type\":\"Article\",\"@id\":\"https:\/\/vilamorgades.es\/?p=3417&lang=ca#article\",\"isPartOf\":{\"@id\":\"https:\/\/vilamorgades.es\/?p=3417&lang=ca\"},\"author\":{\"name\":\"maria\",\"@id\":\"https:\/\/vilamorgades.es\/#\/schema\/person\/ee95443419c2ccde4a032d648fbcfaf1\"},\"headline\":\"Ioga entre vinyes\",\"datePublished\":\"2023-04-13T17:46:30+00:00\",\"dateModified\":\"2023-04-28T18:19:12+00:00\",\"mainEntityOfPage\":{\"@id\":\"https:\/\/vilamorgades.es\/?p=3417&lang=ca\"},\"wordCount\":202,\"commentCount\":0,\"publisher\":{\"@id\":\"https:\/\/vilamorgades.es\/#organization\"},\"keywords\":[\"cava &amp; yoga\",\"cava Pened\u00e8s\",\"cava Vila Morgades\",\"ioga\",\"ioga &amp; brunch\",\"ioga &amp; cava\",\"ioga entre vinyes\",\"ioga exterior\",\"yoga\"],\"articleSection\":[\"Hist\u00f2ries\",\"Hist\u00f2ries\"],\"inLanguage\":\"en-US\",\"potentialAction\":[{\"@type\":\"CommentAction\",\"name\":\"Comment\",\"target\":[\"https:\/\/vilamorgades.es\/?p=3417&lang=ca#respond\"]}]},{\"@type\":\"WebPage\",\"@id\":\"https:\/\/vilamorgades.es\/?p=3417&lang=ca\",\"url\":\"https:\/\/vilamorgades.es\/?p=3417&lang=ca\",\"name\":\"Ioga entre vinyes - VILA MORGADES\",\"isPartOf\":{\"@id\":\"https:\/\/vilamorgades.es\/#website\"},\"datePublished\":\"2023-04-13T17:46:30+00:00\",\"dateModified\":\"2023-04-28T18:19:12+00:00\",\"description\":\"Ioga entre vinyes & cata de cava amb maridatge saludable a Cal Vila. Diumenge 28 de maig i Dissabte 10 de juny.\",\"breadcrumb\":{\"@id\":\"https:\/\/vilamorgades.es\/?p=3417&lang=ca#breadcrumb\"},\"inLanguage\":\"en-US\",\"potentialAction\":[{\"@type\":\"ReadAction\",\"target\":[\"https:\/\/vilamorgades.es\/?p=3417&lang=ca\"]}]},{\"@type\":\"BreadcrumbList\",\"@id\":\"https:\/\/vilamorgades.es\/?p=3417&lang=ca#breadcrumb\",\"itemListElement\":[{\"@type\":\"ListItem\",\"position\":1,\"name\":\"Home\",\"item\":\"https:\/\/vilamorgades.es\/\"},{\"@type\":\"ListItem\",\"position\":2,\"name\":\"Ioga entre vinyes\"}]},{\"@type\":\"WebSite\",\"@id\":\"https:\/\/vilamorgades.es\/#website\",\"url\":\"https:\/\/vilamorgades.es\/\",\"name\":\"VILA MORGADES\",\"description\":\"DES DEL S. XVIII\",\"publisher\":{\"@id\":\"https:\/\/vilamorgades.es\/#organization\"},\"potentialAction\":[{\"@type\":\"SearchAction\",\"target\":{\"@type\":\"EntryPoint\",\"urlTemplate\":\"https:\/\/vilamorgades.es\/?s={search_term_string}\"},\"query-input\":\"required name=search_term_string\"}],\"inLanguage\":\"en-US\"},{\"@type\":\"Organization\",\"@id\":\"https:\/\/vilamorgades.es\/#organization\",\"name\":\"Vila Morgades\",\"url\":\"https:\/\/vilamorgades.es\/\",\"logo\":{\"@type\":\"ImageObject\",\"inLanguage\":\"en-US\",\"@id\":\"https:\/\/vilamorgades.es\/#\/schema\/logo\/image\/\",\"url\":\"https:\/\/vilamorgades.es\/wp-content\/uploads\/2021\/12\/Logo-Vila-Morgades.png\",\"contentUrl\":\"https:\/\/vilamorgades.es\/wp-content\/uploads\/2021\/12\/Logo-Vila-Morgades.png\",\"width\":500,\"height\":500,\"caption\":\"Vila Morgades\"},\"image\":{\"@id\":\"https:\/\/vilamorgades.es\/#\/schema\/logo\/image\/\"},\"sameAs\":[\"https:\/\/www.instagram.com\/vila_morgades\/\"]},{\"@type\":\"Person\",\"@id\":\"https:\/\/vilamorgades.es\/#\/schema\/person\/ee95443419c2ccde4a032d648fbcfaf1\",\"name\":\"maria\",\"image\":{\"@type\":\"ImageObject\",\"inLanguage\":\"en-US\",\"@id\":\"https:\/\/vilamorgades.es\/#\/schema\/person\/image\/\",\"url\":\"https:\/\/secure.gravatar.com\/avatar\/2e2d80b7fb90f37fdde51fa4447ef41dd2c023a9339ddcc08f908b94eb1f24a8?s=96&d=mm&r=g\",\"contentUrl\":\"https:\/\/secure.gravatar.com\/avatar\/2e2d80b7fb90f37fdde51fa4447ef41dd2c023a9339ddcc08f908b94eb1f24a8?s=96&d=mm&r=g\",\"caption\":\"maria\"},\"sameAs\":[\"http:\/\/vilamorgades.es\"],\"url\":\"https:\/\/vilamorgades.es\/?author=1\"}]}<\/script>\n<!-- \/ Yoast SEO plugin. -->","yoast_head_json":{"title":"Ioga entre vinyes - VILA MORGADES","description":"Ioga entre vinyes & cata de cava amb maridatge saludable a Cal Vila. Diumenge 28 de maig i Dissabte 10 de juny.","robots":{"index":"index","follow":"follow","max-snippet":"max-snippet:-1","max-image-preview":"max-image-preview:large","max-video-preview":"max-video-preview:-1"},"canonical":"https:\/\/vilamorgades.es\/?p=3417&lang=ca","og_locale":"en_US","og_type":"article","og_title":"Ioga entre vinyes - VILA MORGADES","og_description":"Ioga entre vinyes & cata de cava amb maridatge saludable a Cal Vila. Diumenge 28 de maig i Dissabte 10 de juny.","og_url":"https:\/\/vilamorgades.es\/?p=3417&lang=ca","og_site_name":"VILA MORGADES","article_published_time":"2023-04-13T17:46:30+00:00","article_modified_time":"2023-04-28T18:19:12+00:00","og_image":[{"width":2048,"height":1536,"url":"https:\/\/vilamorgades.es\/wp-content\/uploads\/2023\/04\/image00005-2.jpeg","type":"image\/jpeg"}],"author":"maria","twitter_card":"summary_large_image","twitter_misc":{"Written by":"maria","Est. reading time":"1 minute"},"schema":{"@context":"https:\/\/schema.org","@graph":[{"@type":"Article","@id":"https:\/\/vilamorgades.es\/?p=3417&lang=ca#article","isPartOf":{"@id":"https:\/\/vilamorgades.es\/?p=3417&lang=ca"},"author":{"name":"maria","@id":"https:\/\/vilamorgades.es\/#\/schema\/person\/ee95443419c2ccde4a032d648fbcfaf1"},"headline":"Ioga entre vinyes","datePublished":"2023-04-13T17:46:30+00:00","dateModified":"2023-04-28T18:19:12+00:00","mainEntityOfPage":{"@id":"https:\/\/vilamorgades.es\/?p=3417&lang=ca"},"wordCount":202,"commentCount":0,"publisher":{"@id":"https:\/\/vilamorgades.es\/#organization"},"keywords":["cava &amp; yoga","cava Pened\u00e8s","cava Vila Morgades","ioga","ioga &amp; brunch","ioga &amp; cava","ioga entre vinyes","ioga exterior","yoga"],"articleSection":["Hist\u00f2ries","Hist\u00f2ries"],"inLanguage":"en-US","potentialAction":[{"@type":"CommentAction","name":"Comment","target":["https:\/\/vilamorgades.es\/?p=3417&lang=ca#respond"]}]},{"@type":"WebPage","@id":"https:\/\/vilamorgades.es\/?p=3417&lang=ca","url":"https:\/\/vilamorgades.es\/?p=3417&lang=ca","name":"Ioga entre vinyes - VILA MORGADES","isPartOf":{"@id":"https:\/\/vilamorgades.es\/#website"},"datePublished":"2023-04-13T17:46:30+00:00","dateModified":"2023-04-28T18:19:12+00:00","description":"Ioga entre vinyes & cata de cava amb maridatge saludable a Cal Vila. Diumenge 28 de maig i Dissabte 10 de juny.","breadcrumb":{"@id":"https:\/\/vilamorgades.es\/?p=3417&lang=ca#breadcrumb"},"inLanguage":"en-US","potentialAction":[{"@type":"ReadAction","target":["https:\/\/vilamorgades.es\/?p=3417&lang=ca"]}]},{"@type":"BreadcrumbList","@id":"https:\/\/vilamorgades.es\/?p=3417&lang=ca#breadcrumb","itemListElement":[{"@type":"ListItem","position":1,"name":"Home","item":"https:\/\/vilamorgades.es\/"},{"@type":"ListItem","position":2,"name":"Ioga entre vinyes"}]},{"@type":"WebSite","@id":"https:\/\/vilamorgades.es\/#website","url":"https:\/\/vilamorgades.es\/","name":"VILA MORGADES","description":"DES DEL S. XVIII","publisher":{"@id":"https:\/\/vilamorgades.es\/#organization"},"potentialAction":[{"@type":"SearchAction","target":{"@type":"EntryPoint","urlTemplate":"https:\/\/vilamorgades.es\/?s={search_term_string}"},"query-input":"required name=search_term_string"}],"inLanguage":"en-US"},{"@type":"Organization","@id":"https:\/\/vilamorgades.es\/#organization","name":"Vila Morgades","url":"https:\/\/vilamorgades.es\/","logo":{"@type":"ImageObject","inLanguage":"en-US","@id":"https:\/\/vilamorgades.es\/#\/schema\/logo\/image\/","url":"https:\/\/vilamorgades.es\/wp-content\/uploads\/2021\/12\/Logo-Vila-Morgades.png","contentUrl":"https:\/\/vilamorgades.es\/wp-content\/uploads\/2021\/12\/Logo-Vila-Morgades.png","width":500,"height":500,"caption":"Vila Morgades"},"image":{"@id":"https:\/\/vilamorgades.es\/#\/schema\/logo\/image\/"},"sameAs":["https:\/\/www.instagram.com\/vila_morgades\/"]},{"@type":"Person","@id":"https:\/\/vilamorgades.es\/#\/schema\/person\/ee95443419c2ccde4a032d648fbcfaf1","name":"maria","image":{"@type":"ImageObject","inLanguage":"en-US","@id":"https:\/\/vilamorgades.es\/#\/schema\/person\/image\/","url":"https:\/\/secure.gravatar.com\/avatar\/2e2d80b7fb90f37fdde51fa4447ef41dd2c023a9339ddcc08f908b94eb1f24a8?s=96&d=mm&r=g","contentUrl":"https:\/\/secure.gravatar.com\/avatar\/2e2d80b7fb90f37fdde51fa4447ef41dd2c023a9339ddcc08f908b94eb1f24a8?s=96&d=mm&r=g","caption":"maria"},"sameAs":["http:\/\/vilamorgades.es"],"url":"https:\/\/vilamorgades.es\/?author=1"}]}},"_links":{"self":[{"href":"https:\/\/vilamorgades.es\/index.php?rest_route=\/wp\/v2\/posts\/3417","targetHints":{"allow":["GET"]}}],"collection":[{"href":"https:\/\/vilamorgades.es\/index.php?rest_route=\/wp\/v2\/posts"}],"about":[{"href":"https:\/\/vilamorgades.es\/index.php?rest_route=\/wp\/v2\/types\/post"}],"author":[{"embeddable":true,"href":"https:\/\/vilamorgades.es\/index.php?rest_route=\/wp\/v2\/users\/1"}],"replies":[{"embeddable":true,"href":"https:\/\/vilamorgades.es\/index.php?rest_route=%2Fwp%2Fv2%2Fcomments&post=3417"}],"version-history":[{"count":3,"href":"https:\/\/vilamorgades.es\/index.php?rest_route=\/wp\/v2\/posts\/3417\/revisions"}],"predecessor-version":[{"id":3430,"href":"https:\/\/vilamorgades.es\/index.php?rest_route=\/wp\/v2\/posts\/3417\/revisions\/3430"}],"wp:featuredmedia":[{"embeddable":true,"href":"https:\/\/vilamorgades.es\/index.php?rest_route=\/wp\/v2\/media\/3418"}],"wp:attachment":[{"href":"https:\/\/vilamorgades.es\/index.php?rest_route=%2Fwp%2Fv2%2Fmedia&parent=3417"}],"wp:term":[{"taxonomy":"category","embeddable":true,"href":"https:\/\/vilamorgades.es\/index.php?rest_route=%2Fwp%2Fv2%2Fcategories&post=3417"},{"taxonomy":"post_tag","embeddable":true,"href":"https:\/\/vilamorgades.es\/index.php?rest_route=%2Fwp%2Fv2%2Ftags&post=3417"}],"curies":[{"name":"wp","href":"https:\/\/api.w.org\/{rel}","templated":true}]}}