{"id":3444,"date":"2023-10-01T13:36:46","date_gmt":"2023-10-01T13:36:46","guid":{"rendered":"https:\/\/vilamorgades.es\/?p=3444"},"modified":"2024-02-18T09:34:58","modified_gmt":"2024-02-18T09:34:58","slug":"hemos-terminado-la-vendimia-3","status":"publish","type":"post","link":"https:\/\/vilamorgades.es\/?p=3444","title":{"rendered":"Hemos terminado la vendimia"},"content":{"rendered":"\n<p>En Cal Vila ya hemos terminado la vendimia. De hecho, ha sido probablemente la vendimia m\u00e1s corta y r\u00e1pida de la historia, as\u00ed como una de las m\u00e1s malas. Los efectos del cambio clim\u00e1tico, esta vez en forma de sequ\u00eda, ha causado un impacto muy negativo en los vi\u00f1edos del Pened\u00e8s, tambi\u00e9n los nuestros. Pocas uvas, cepas con ramas raqu\u00edticas, tierra seca.<\/p>\n\n\n\n<p>La sequ\u00eda acumulada -el a\u00f1o pasado tambi\u00e9n hubo falta de agua- por segundo a\u00f1o consecutivo, ha hecho que la producci\u00f3n de uva de este a\u00f1o haya sido significativamente mucho menor que el pasado a\u00f1o o los precedentes. Sin embargo, la calidad de la uva es excelente y muy sana.<\/p>\n\n\n\n<p>Los efectos del calentamiento global son un reto para el mundo rural y ponen en riesgo la viticultura en lugares como el Pened\u00e8s. El vi\u00f1edo tiene un aspecto sec\u00e1nico que las personas de mayor edad no recuerdan haberlo vivido nunca. Deseamos que vengan lluvias pronto.<\/p>\n","protected":false},"excerpt":{"rendered":"<p>En Cal Vila ya hemos terminado la vendimia. De hecho, ha sido probablemente la vendimia m\u00e1s corta y r\u00e1pida de &hellip; <\/p>\n","protected":false},"author":1,"featured_media":3441,"comment_status":"closed","ping_status":"open","sticky":true,"template":"","format":"standard","meta":{"footnotes":""},"categories":[54],"tags":[416,386,418,420,344,422,424,239,388],"class_list":["post-3444","post","type-post","status-publish","format-standard","has-post-thumbnail","hentry","category-historias","tag-castellvi-de-la-marca-es","tag-cava-artesanal-es","tag-cosecha-es","tag-penedes-es","tag-sequia","tag-uva-es","tag-vendimia-es","tag-vendimia-a-mano","tag-vila-morgades-en-es"],"yoast_head":"<!-- This site is optimized with the Yoast SEO plugin v22.1 - https:\/\/yoast.com\/wordpress\/plugins\/seo\/ -->\n<title>Hemos terminado la vendimia - VILA MORGADES<\/title>\n<meta name=\"description\" content=\"La vendimia de 2023 no ha sido la mejor de nuestra historia. Asimismo, la uva es sana y de buena calidad. Deseamos que llueva pronto.\" \/>\n<meta name=\"robots\" content=\"index, follow, max-snippet:-1, max-image-preview:large, max-video-preview:-1\" \/>\n<link rel=\"canonical\" href=\"https:\/\/vilamorgades.es\/?p=3444\" \/>\n<meta property=\"og:locale\" content=\"en_US\" \/>\n<meta property=\"og:type\" content=\"article\" \/>\n<meta property=\"og:title\" content=\"Hemos terminado la vendimia - VILA MORGADES\" \/>\n<meta property=\"og:description\" content=\"La vendimia de 2023 no ha sido la mejor de nuestra historia. Asimismo, la uva es sana y de buena calidad. Deseamos que llueva pronto.\" \/>\n<meta property=\"og:url\" content=\"https:\/\/vilamorgades.es\/?p=3444\" \/>\n<meta property=\"og:site_name\" content=\"VILA MORGADES\" \/>\n<meta property=\"article:published_time\" content=\"2023-10-01T13:36:46+00:00\" \/>\n<meta property=\"article:modified_time\" content=\"2024-02-18T09:34:58+00:00\" \/>\n<meta property=\"og:image\" content=\"https:\/\/vilamorgades.es\/wp-content\/uploads\/2023\/10\/9350c7e4-7412-4c90-b01e-fe6765ffcb25.jpg\" \/>\n\t<meta property=\"og:image:width\" content=\"768\" \/>\n\t<meta property=\"og:image:height\" content=\"1024\" \/>\n\t<meta property=\"og:image:type\" content=\"image\/jpeg\" \/>\n<meta name=\"author\" content=\"maria\" \/>\n<meta name=\"twitter:card\" content=\"summary_large_image\" \/>\n<meta name=\"twitter:label1\" content=\"Written by\" \/>\n\t<meta name=\"twitter:data1\" content=\"maria\" \/>\n\t<meta name=\"twitter:label2\" content=\"Est. reading time\" \/>\n\t<meta name=\"twitter:data2\" content=\"1 minute\" \/>\n<script type=\"application\/ld+json\" class=\"yoast-schema-graph\">{\"@context\":\"https:\/\/schema.org\",\"@graph\":[{\"@type\":\"Article\",\"@id\":\"https:\/\/vilamorgades.es\/?p=3444#article\",\"isPartOf\":{\"@id\":\"https:\/\/vilamorgades.es\/?p=3444\"},\"author\":{\"name\":\"maria\",\"@id\":\"https:\/\/vilamorgades.es\/#\/schema\/person\/ee95443419c2ccde4a032d648fbcfaf1\"},\"headline\":\"Hemos terminado la vendimia\",\"datePublished\":\"2023-10-01T13:36:46+00:00\",\"dateModified\":\"2024-02-18T09:34:58+00:00\",\"mainEntityOfPage\":{\"@id\":\"https:\/\/vilamorgades.es\/?p=3444\"},\"wordCount\":179,\"publisher\":{\"@id\":\"https:\/\/vilamorgades.es\/#organization\"},\"keywords\":[\"Castellv\u00ed de la marca\",\"cava artesanal\",\"cosecha\",\"pened\u00e8s\",\"sequ\u00eda\",\"uva\",\"vendimia\",\"vendimia a mano\",\"Vila Morgades\"],\"articleSection\":[\"Historias\"],\"inLanguage\":\"en-US\"},{\"@type\":\"WebPage\",\"@id\":\"https:\/\/vilamorgades.es\/?p=3444\",\"url\":\"https:\/\/vilamorgades.es\/?p=3444\",\"name\":\"Hemos terminado la vendimia - VILA MORGADES\",\"isPartOf\":{\"@id\":\"https:\/\/vilamorgades.es\/#website\"},\"datePublished\":\"2023-10-01T13:36:46+00:00\",\"dateModified\":\"2024-02-18T09:34:58+00:00\",\"description\":\"La vendimia de 2023 no ha sido la mejor de nuestra historia. Asimismo, la uva es sana y de buena calidad. Deseamos que llueva pronto.\",\"breadcrumb\":{\"@id\":\"https:\/\/vilamorgades.es\/?p=3444#breadcrumb\"},\"inLanguage\":\"en-US\",\"potentialAction\":[{\"@type\":\"ReadAction\",\"target\":[\"https:\/\/vilamorgades.es\/?p=3444\"]}]},{\"@type\":\"BreadcrumbList\",\"@id\":\"https:\/\/vilamorgades.es\/?p=3444#breadcrumb\",\"itemListElement\":[{\"@type\":\"ListItem\",\"position\":1,\"name\":\"Home\",\"item\":\"https:\/\/vilamorgades.es\/\"},{\"@type\":\"ListItem\",\"position\":2,\"name\":\"Hemos terminado la vendimia\"}]},{\"@type\":\"WebSite\",\"@id\":\"https:\/\/vilamorgades.es\/#website\",\"url\":\"https:\/\/vilamorgades.es\/\",\"name\":\"VILA MORGADES\",\"description\":\"DES DEL S. XVIII\",\"publisher\":{\"@id\":\"https:\/\/vilamorgades.es\/#organization\"},\"potentialAction\":[{\"@type\":\"SearchAction\",\"target\":{\"@type\":\"EntryPoint\",\"urlTemplate\":\"https:\/\/vilamorgades.es\/?s={search_term_string}\"},\"query-input\":\"required name=search_term_string\"}],\"inLanguage\":\"en-US\"},{\"@type\":\"Organization\",\"@id\":\"https:\/\/vilamorgades.es\/#organization\",\"name\":\"Vila Morgades\",\"url\":\"https:\/\/vilamorgades.es\/\",\"logo\":{\"@type\":\"ImageObject\",\"inLanguage\":\"en-US\",\"@id\":\"https:\/\/vilamorgades.es\/#\/schema\/logo\/image\/\",\"url\":\"https:\/\/vilamorgades.es\/wp-content\/uploads\/2021\/12\/Logo-Vila-Morgades.png\",\"contentUrl\":\"https:\/\/vilamorgades.es\/wp-content\/uploads\/2021\/12\/Logo-Vila-Morgades.png\",\"width\":500,\"height\":500,\"caption\":\"Vila Morgades\"},\"image\":{\"@id\":\"https:\/\/vilamorgades.es\/#\/schema\/logo\/image\/\"},\"sameAs\":[\"https:\/\/www.instagram.com\/vila_morgades\/\"]},{\"@type\":\"Person\",\"@id\":\"https:\/\/vilamorgades.es\/#\/schema\/person\/ee95443419c2ccde4a032d648fbcfaf1\",\"name\":\"maria\",\"image\":{\"@type\":\"ImageObject\",\"inLanguage\":\"en-US\",\"@id\":\"https:\/\/vilamorgades.es\/#\/schema\/person\/image\/\",\"url\":\"https:\/\/secure.gravatar.com\/avatar\/2e2d80b7fb90f37fdde51fa4447ef41dd2c023a9339ddcc08f908b94eb1f24a8?s=96&d=mm&r=g\",\"contentUrl\":\"https:\/\/secure.gravatar.com\/avatar\/2e2d80b7fb90f37fdde51fa4447ef41dd2c023a9339ddcc08f908b94eb1f24a8?s=96&d=mm&r=g\",\"caption\":\"maria\"},\"sameAs\":[\"http:\/\/vilamorgades.es\"],\"url\":\"https:\/\/vilamorgades.es\/?author=1\"}]}<\/script>\n<!-- \/ Yoast SEO plugin. -->","yoast_head_json":{"title":"Hemos terminado la vendimia - VILA MORGADES","description":"La vendimia de 2023 no ha sido la mejor de nuestra historia. Asimismo, la uva es sana y de buena calidad. Deseamos que llueva pronto.","robots":{"index":"index","follow":"follow","max-snippet":"max-snippet:-1","max-image-preview":"max-image-preview:large","max-video-preview":"max-video-preview:-1"},"canonical":"https:\/\/vilamorgades.es\/?p=3444","og_locale":"en_US","og_type":"article","og_title":"Hemos terminado la vendimia - VILA MORGADES","og_description":"La vendimia de 2023 no ha sido la mejor de nuestra historia. Asimismo, la uva es sana y de buena calidad. Deseamos que llueva pronto.","og_url":"https:\/\/vilamorgades.es\/?p=3444","og_site_name":"VILA MORGADES","article_published_time":"2023-10-01T13:36:46+00:00","article_modified_time":"2024-02-18T09:34:58+00:00","og_image":[{"width":768,"height":1024,"url":"https:\/\/vilamorgades.es\/wp-content\/uploads\/2023\/10\/9350c7e4-7412-4c90-b01e-fe6765ffcb25.jpg","type":"image\/jpeg"}],"author":"maria","twitter_card":"summary_large_image","twitter_misc":{"Written by":"maria","Est. reading time":"1 minute"},"schema":{"@context":"https:\/\/schema.org","@graph":[{"@type":"Article","@id":"https:\/\/vilamorgades.es\/?p=3444#article","isPartOf":{"@id":"https:\/\/vilamorgades.es\/?p=3444"},"author":{"name":"maria","@id":"https:\/\/vilamorgades.es\/#\/schema\/person\/ee95443419c2ccde4a032d648fbcfaf1"},"headline":"Hemos terminado la vendimia","datePublished":"2023-10-01T13:36:46+00:00","dateModified":"2024-02-18T09:34:58+00:00","mainEntityOfPage":{"@id":"https:\/\/vilamorgades.es\/?p=3444"},"wordCount":179,"publisher":{"@id":"https:\/\/vilamorgades.es\/#organization"},"keywords":["Castellv\u00ed de la marca","cava artesanal","cosecha","pened\u00e8s","sequ\u00eda","uva","vendimia","vendimia a mano","Vila Morgades"],"articleSection":["Historias"],"inLanguage":"en-US"},{"@type":"WebPage","@id":"https:\/\/vilamorgades.es\/?p=3444","url":"https:\/\/vilamorgades.es\/?p=3444","name":"Hemos terminado la vendimia - VILA MORGADES","isPartOf":{"@id":"https:\/\/vilamorgades.es\/#website"},"datePublished":"2023-10-01T13:36:46+00:00","dateModified":"2024-02-18T09:34:58+00:00","description":"La vendimia de 2023 no ha sido la mejor de nuestra historia. Asimismo, la uva es sana y de buena calidad. Deseamos que llueva pronto.","breadcrumb":{"@id":"https:\/\/vilamorgades.es\/?p=3444#breadcrumb"},"inLanguage":"en-US","potentialAction":[{"@type":"ReadAction","target":["https:\/\/vilamorgades.es\/?p=3444"]}]},{"@type":"BreadcrumbList","@id":"https:\/\/vilamorgades.es\/?p=3444#breadcrumb","itemListElement":[{"@type":"ListItem","position":1,"name":"Home","item":"https:\/\/vilamorgades.es\/"},{"@type":"ListItem","position":2,"name":"Hemos terminado la vendimia"}]},{"@type":"WebSite","@id":"https:\/\/vilamorgades.es\/#website","url":"https:\/\/vilamorgades.es\/","name":"VILA MORGADES","description":"DES DEL S. XVIII","publisher":{"@id":"https:\/\/vilamorgades.es\/#organization"},"potentialAction":[{"@type":"SearchAction","target":{"@type":"EntryPoint","urlTemplate":"https:\/\/vilamorgades.es\/?s={search_term_string}"},"query-input":"required name=search_term_string"}],"inLanguage":"en-US"},{"@type":"Organization","@id":"https:\/\/vilamorgades.es\/#organization","name":"Vila Morgades","url":"https:\/\/vilamorgades.es\/","logo":{"@type":"ImageObject","inLanguage":"en-US","@id":"https:\/\/vilamorgades.es\/#\/schema\/logo\/image\/","url":"https:\/\/vilamorgades.es\/wp-content\/uploads\/2021\/12\/Logo-Vila-Morgades.png","contentUrl":"https:\/\/vilamorgades.es\/wp-content\/uploads\/2021\/12\/Logo-Vila-Morgades.png","width":500,"height":500,"caption":"Vila Morgades"},"image":{"@id":"https:\/\/vilamorgades.es\/#\/schema\/logo\/image\/"},"sameAs":["https:\/\/www.instagram.com\/vila_morgades\/"]},{"@type":"Person","@id":"https:\/\/vilamorgades.es\/#\/schema\/person\/ee95443419c2ccde4a032d648fbcfaf1","name":"maria","image":{"@type":"ImageObject","inLanguage":"en-US","@id":"https:\/\/vilamorgades.es\/#\/schema\/person\/image\/","url":"https:\/\/secure.gravatar.com\/avatar\/2e2d80b7fb90f37fdde51fa4447ef41dd2c023a9339ddcc08f908b94eb1f24a8?s=96&d=mm&r=g","contentUrl":"https:\/\/secure.gravatar.com\/avatar\/2e2d80b7fb90f37fdde51fa4447ef41dd2c023a9339ddcc08f908b94eb1f24a8?s=96&d=mm&r=g","caption":"maria"},"sameAs":["http:\/\/vilamorgades.es"],"url":"https:\/\/vilamorgades.es\/?author=1"}]}},"_links":{"self":[{"href":"https:\/\/vilamorgades.es\/index.php?rest_route=\/wp\/v2\/posts\/3444","targetHints":{"allow":["GET"]}}],"collection":[{"href":"https:\/\/vilamorgades.es\/index.php?rest_route=\/wp\/v2\/posts"}],"about":[{"href":"https:\/\/vilamorgades.es\/index.php?rest_route=\/wp\/v2\/types\/post"}],"author":[{"embeddable":true,"href":"https:\/\/vilamorgades.es\/index.php?rest_route=\/wp\/v2\/users\/1"}],"replies":[{"embeddable":true,"href":"https:\/\/vilamorgades.es\/index.php?rest_route=%2Fwp%2Fv2%2Fcomments&post=3444"}],"version-history":[{"count":1,"href":"https:\/\/vilamorgades.es\/index.php?rest_route=\/wp\/v2\/posts\/3444\/revisions"}],"predecessor-version":[{"id":3445,"href":"https:\/\/vilamorgades.es\/index.php?rest_route=\/wp\/v2\/posts\/3444\/revisions\/3445"}],"wp:featuredmedia":[{"embeddable":true,"href":"https:\/\/vilamorgades.es\/index.php?rest_route=\/wp\/v2\/media\/3441"}],"wp:attachment":[{"href":"https:\/\/vilamorgades.es\/index.php?rest_route=%2Fwp%2Fv2%2Fmedia&parent=3444"}],"wp:term":[{"taxonomy":"category","embeddable":true,"href":"https:\/\/vilamorgades.es\/index.php?rest_route=%2Fwp%2Fv2%2Fcategories&post=3444"},{"taxonomy":"post_tag","embeddable":true,"href":"https:\/\/vilamorgades.es\/index.php?rest_route=%2Fwp%2Fv2%2Ftags&post=3444"}],"curies":[{"name":"wp","href":"https:\/\/api.w.org\/{rel}","templated":true}]}}