{"id":3477,"date":"2024-04-04T17:34:04","date_gmt":"2024-04-04T17:34:04","guid":{"rendered":"https:\/\/vilamorgades.es\/?p=3477"},"modified":"2024-04-04T17:34:51","modified_gmt":"2024-04-04T17:34:51","slug":"ja-hem-fet-el-tiratge","status":"publish","type":"post","link":"https:\/\/vilamorgades.es\/?p=3477&lang=ca","title":{"rendered":"Ja hem fet el tiratge"},"content":{"rendered":"\n<p>La setmana passada vam fer el tiratge i seguidament l&#8217;embotellada del cava Vila Morgades. I qu\u00e8 \u00e9s fer el tiratge i l&#8217;embotellada? Doncs \u00e9s el proc\u00e9s en el qual es fa i posteriorment s&#8217;embotella el vi que esdevindr\u00e0, si tot va b\u00e9, cava. En el nostre cas embotellem manualment i posteriorment fem una &#8220;rima&#8221; de la manera tradicional, \u00e9s a dir, col\u00b7locant les ampolles una a un fent servir llates de fusta per falcar-les horitzontalment. \u00c9s el que es coneix com a &#8220;rima&#8221;. <\/p>\n\n\n\n<p>Aquest any hem fet cava ecol\u00f2gic Guarda Superior. <\/p>\n\n\n\n<p>\u00c9s el moment m\u00e9s important de l&#8217;any en el proc\u00e9s d&#8217;elaboraci\u00f3 del cava. <\/p>\n\n\n\n<p>Aquestes ampolles ara reposaran a la cava fins que estiguin llestes per desgorjar i finalment, per beure! Esperem que els llevats facin la seva part de la feina.<\/p>\n\n\n\n<p><\/p>\n","protected":false},"excerpt":{"rendered":"<p>La setmana passada vam fer el tiratge i seguidament l&#8217;embotellada del cava Vila Morgades. I qu\u00e8 \u00e9s fer el tiratge &hellip; <\/p>\n","protected":false},"author":1,"featured_media":3479,"comment_status":"open","ping_status":"open","sticky":true,"template":"","format":"standard","meta":{"footnotes":""},"categories":[219],"tags":[357,438,494,251,247,496,446,498,491],"class_list":["post-3477","post","type-post","status-publish","format-standard","has-post-thumbnail","hentry","category-histories-sin-categoria-ca","tag-cava-ca","tag-cava-artesanal-es-ca","tag-cava-ecologic","tag-cava-penedes","tag-cava-vila-morgades","tag-en-rima-ca","tag-penedes-ca","tag-rima-ca","tag-tiratge-ca"],"yoast_head":"<!-- This site is optimized with the Yoast SEO plugin v22.1 - https:\/\/yoast.com\/wordpress\/plugins\/seo\/ -->\n<title>Ja hem fet el tiratge - VILA MORGADES<\/title>\n<meta name=\"description\" content=\"La setmana passada vam fer el tiratge i l&#039;embotellada del cava Vila Morgades. Ara les ampolles reposaran a la cava i faran la crian\u00e7a.\" \/>\n<meta name=\"robots\" content=\"index, follow, max-snippet:-1, max-image-preview:large, max-video-preview:-1\" \/>\n<link rel=\"canonical\" href=\"https:\/\/vilamorgades.es\/?p=3477&lang=ca\" \/>\n<meta property=\"og:locale\" content=\"en_US\" \/>\n<meta property=\"og:type\" content=\"article\" \/>\n<meta property=\"og:title\" content=\"Ja hem fet el tiratge - VILA MORGADES\" \/>\n<meta property=\"og:description\" content=\"La setmana passada vam fer el tiratge i l&#039;embotellada del cava Vila Morgades. Ara les ampolles reposaran a la cava i faran la crian\u00e7a.\" \/>\n<meta property=\"og:url\" content=\"https:\/\/vilamorgades.es\/?p=3477&amp;lang=ca\" \/>\n<meta property=\"og:site_name\" content=\"VILA MORGADES\" \/>\n<meta property=\"article:published_time\" content=\"2024-04-04T17:34:04+00:00\" \/>\n<meta property=\"article:modified_time\" content=\"2024-04-04T17:34:51+00:00\" \/>\n<meta property=\"og:image\" content=\"https:\/\/vilamorgades.es\/wp-content\/uploads\/2024\/04\/adda6345-0f82-423f-873e-54df3ac45cbd.jpg\" \/>\n\t<meta property=\"og:image:width\" content=\"1024\" \/>\n\t<meta property=\"og:image:height\" content=\"768\" \/>\n\t<meta property=\"og:image:type\" content=\"image\/jpeg\" \/>\n<meta name=\"author\" content=\"maria\" \/>\n<meta name=\"twitter:card\" content=\"summary_large_image\" \/>\n<meta name=\"twitter:label1\" content=\"Written by\" \/>\n\t<meta name=\"twitter:data1\" content=\"maria\" \/>\n\t<meta name=\"twitter:label2\" content=\"Est. reading time\" \/>\n\t<meta name=\"twitter:data2\" content=\"1 minute\" \/>\n<script type=\"application\/ld+json\" class=\"yoast-schema-graph\">{\"@context\":\"https:\/\/schema.org\",\"@graph\":[{\"@type\":\"Article\",\"@id\":\"https:\/\/vilamorgades.es\/?p=3477&lang=ca#article\",\"isPartOf\":{\"@id\":\"https:\/\/vilamorgades.es\/?p=3477&lang=ca\"},\"author\":{\"name\":\"maria\",\"@id\":\"https:\/\/vilamorgades.es\/#\/schema\/person\/ee95443419c2ccde4a032d648fbcfaf1\"},\"headline\":\"Ja hem fet el tiratge\",\"datePublished\":\"2024-04-04T17:34:04+00:00\",\"dateModified\":\"2024-04-04T17:34:51+00:00\",\"mainEntityOfPage\":{\"@id\":\"https:\/\/vilamorgades.es\/?p=3477&lang=ca\"},\"wordCount\":142,\"commentCount\":0,\"publisher\":{\"@id\":\"https:\/\/vilamorgades.es\/#organization\"},\"keywords\":[\"cava\",\"cava artesanal\",\"cava ecol\u00f2gic\",\"cava Pened\u00e8s\",\"cava Vila Morgades\",\"en rima\",\"pened\u00e8s\",\"rima\",\"tiratge\"],\"articleSection\":[\"Hist\u00f2ries\"],\"inLanguage\":\"en-US\",\"potentialAction\":[{\"@type\":\"CommentAction\",\"name\":\"Comment\",\"target\":[\"https:\/\/vilamorgades.es\/?p=3477&lang=ca#respond\"]}]},{\"@type\":\"WebPage\",\"@id\":\"https:\/\/vilamorgades.es\/?p=3477&lang=ca\",\"url\":\"https:\/\/vilamorgades.es\/?p=3477&lang=ca\",\"name\":\"Ja hem fet el tiratge - VILA MORGADES\",\"isPartOf\":{\"@id\":\"https:\/\/vilamorgades.es\/#website\"},\"datePublished\":\"2024-04-04T17:34:04+00:00\",\"dateModified\":\"2024-04-04T17:34:51+00:00\",\"description\":\"La setmana passada vam fer el tiratge i l'embotellada del cava Vila Morgades. Ara les ampolles reposaran a la cava i faran la crian\u00e7a.\",\"breadcrumb\":{\"@id\":\"https:\/\/vilamorgades.es\/?p=3477&lang=ca#breadcrumb\"},\"inLanguage\":\"en-US\",\"potentialAction\":[{\"@type\":\"ReadAction\",\"target\":[\"https:\/\/vilamorgades.es\/?p=3477&lang=ca\"]}]},{\"@type\":\"BreadcrumbList\",\"@id\":\"https:\/\/vilamorgades.es\/?p=3477&lang=ca#breadcrumb\",\"itemListElement\":[{\"@type\":\"ListItem\",\"position\":1,\"name\":\"Home\",\"item\":\"https:\/\/vilamorgades.es\/\"},{\"@type\":\"ListItem\",\"position\":2,\"name\":\"Ja hem fet el tiratge\"}]},{\"@type\":\"WebSite\",\"@id\":\"https:\/\/vilamorgades.es\/#website\",\"url\":\"https:\/\/vilamorgades.es\/\",\"name\":\"VILA MORGADES\",\"description\":\"DES DEL S. XVIII\",\"publisher\":{\"@id\":\"https:\/\/vilamorgades.es\/#organization\"},\"potentialAction\":[{\"@type\":\"SearchAction\",\"target\":{\"@type\":\"EntryPoint\",\"urlTemplate\":\"https:\/\/vilamorgades.es\/?s={search_term_string}\"},\"query-input\":\"required name=search_term_string\"}],\"inLanguage\":\"en-US\"},{\"@type\":\"Organization\",\"@id\":\"https:\/\/vilamorgades.es\/#organization\",\"name\":\"Vila Morgades\",\"url\":\"https:\/\/vilamorgades.es\/\",\"logo\":{\"@type\":\"ImageObject\",\"inLanguage\":\"en-US\",\"@id\":\"https:\/\/vilamorgades.es\/#\/schema\/logo\/image\/\",\"url\":\"https:\/\/vilamorgades.es\/wp-content\/uploads\/2021\/12\/Logo-Vila-Morgades.png\",\"contentUrl\":\"https:\/\/vilamorgades.es\/wp-content\/uploads\/2021\/12\/Logo-Vila-Morgades.png\",\"width\":500,\"height\":500,\"caption\":\"Vila Morgades\"},\"image\":{\"@id\":\"https:\/\/vilamorgades.es\/#\/schema\/logo\/image\/\"},\"sameAs\":[\"https:\/\/www.instagram.com\/vila_morgades\/\"]},{\"@type\":\"Person\",\"@id\":\"https:\/\/vilamorgades.es\/#\/schema\/person\/ee95443419c2ccde4a032d648fbcfaf1\",\"name\":\"maria\",\"image\":{\"@type\":\"ImageObject\",\"inLanguage\":\"en-US\",\"@id\":\"https:\/\/vilamorgades.es\/#\/schema\/person\/image\/\",\"url\":\"https:\/\/secure.gravatar.com\/avatar\/2e2d80b7fb90f37fdde51fa4447ef41dd2c023a9339ddcc08f908b94eb1f24a8?s=96&d=mm&r=g\",\"contentUrl\":\"https:\/\/secure.gravatar.com\/avatar\/2e2d80b7fb90f37fdde51fa4447ef41dd2c023a9339ddcc08f908b94eb1f24a8?s=96&d=mm&r=g\",\"caption\":\"maria\"},\"sameAs\":[\"http:\/\/vilamorgades.es\"],\"url\":\"https:\/\/vilamorgades.es\/?author=1\"}]}<\/script>\n<!-- \/ Yoast SEO plugin. -->","yoast_head_json":{"title":"Ja hem fet el tiratge - VILA MORGADES","description":"La setmana passada vam fer el tiratge i l'embotellada del cava Vila Morgades. Ara les ampolles reposaran a la cava i faran la crian\u00e7a.","robots":{"index":"index","follow":"follow","max-snippet":"max-snippet:-1","max-image-preview":"max-image-preview:large","max-video-preview":"max-video-preview:-1"},"canonical":"https:\/\/vilamorgades.es\/?p=3477&lang=ca","og_locale":"en_US","og_type":"article","og_title":"Ja hem fet el tiratge - VILA MORGADES","og_description":"La setmana passada vam fer el tiratge i l'embotellada del cava Vila Morgades. Ara les ampolles reposaran a la cava i faran la crian\u00e7a.","og_url":"https:\/\/vilamorgades.es\/?p=3477&lang=ca","og_site_name":"VILA MORGADES","article_published_time":"2024-04-04T17:34:04+00:00","article_modified_time":"2024-04-04T17:34:51+00:00","og_image":[{"width":1024,"height":768,"url":"https:\/\/vilamorgades.es\/wp-content\/uploads\/2024\/04\/adda6345-0f82-423f-873e-54df3ac45cbd.jpg","type":"image\/jpeg"}],"author":"maria","twitter_card":"summary_large_image","twitter_misc":{"Written by":"maria","Est. reading time":"1 minute"},"schema":{"@context":"https:\/\/schema.org","@graph":[{"@type":"Article","@id":"https:\/\/vilamorgades.es\/?p=3477&lang=ca#article","isPartOf":{"@id":"https:\/\/vilamorgades.es\/?p=3477&lang=ca"},"author":{"name":"maria","@id":"https:\/\/vilamorgades.es\/#\/schema\/person\/ee95443419c2ccde4a032d648fbcfaf1"},"headline":"Ja hem fet el tiratge","datePublished":"2024-04-04T17:34:04+00:00","dateModified":"2024-04-04T17:34:51+00:00","mainEntityOfPage":{"@id":"https:\/\/vilamorgades.es\/?p=3477&lang=ca"},"wordCount":142,"commentCount":0,"publisher":{"@id":"https:\/\/vilamorgades.es\/#organization"},"keywords":["cava","cava artesanal","cava ecol\u00f2gic","cava Pened\u00e8s","cava Vila Morgades","en rima","pened\u00e8s","rima","tiratge"],"articleSection":["Hist\u00f2ries"],"inLanguage":"en-US","potentialAction":[{"@type":"CommentAction","name":"Comment","target":["https:\/\/vilamorgades.es\/?p=3477&lang=ca#respond"]}]},{"@type":"WebPage","@id":"https:\/\/vilamorgades.es\/?p=3477&lang=ca","url":"https:\/\/vilamorgades.es\/?p=3477&lang=ca","name":"Ja hem fet el tiratge - VILA MORGADES","isPartOf":{"@id":"https:\/\/vilamorgades.es\/#website"},"datePublished":"2024-04-04T17:34:04+00:00","dateModified":"2024-04-04T17:34:51+00:00","description":"La setmana passada vam fer el tiratge i l'embotellada del cava Vila Morgades. Ara les ampolles reposaran a la cava i faran la crian\u00e7a.","breadcrumb":{"@id":"https:\/\/vilamorgades.es\/?p=3477&lang=ca#breadcrumb"},"inLanguage":"en-US","potentialAction":[{"@type":"ReadAction","target":["https:\/\/vilamorgades.es\/?p=3477&lang=ca"]}]},{"@type":"BreadcrumbList","@id":"https:\/\/vilamorgades.es\/?p=3477&lang=ca#breadcrumb","itemListElement":[{"@type":"ListItem","position":1,"name":"Home","item":"https:\/\/vilamorgades.es\/"},{"@type":"ListItem","position":2,"name":"Ja hem fet el tiratge"}]},{"@type":"WebSite","@id":"https:\/\/vilamorgades.es\/#website","url":"https:\/\/vilamorgades.es\/","name":"VILA MORGADES","description":"DES DEL S. XVIII","publisher":{"@id":"https:\/\/vilamorgades.es\/#organization"},"potentialAction":[{"@type":"SearchAction","target":{"@type":"EntryPoint","urlTemplate":"https:\/\/vilamorgades.es\/?s={search_term_string}"},"query-input":"required name=search_term_string"}],"inLanguage":"en-US"},{"@type":"Organization","@id":"https:\/\/vilamorgades.es\/#organization","name":"Vila Morgades","url":"https:\/\/vilamorgades.es\/","logo":{"@type":"ImageObject","inLanguage":"en-US","@id":"https:\/\/vilamorgades.es\/#\/schema\/logo\/image\/","url":"https:\/\/vilamorgades.es\/wp-content\/uploads\/2021\/12\/Logo-Vila-Morgades.png","contentUrl":"https:\/\/vilamorgades.es\/wp-content\/uploads\/2021\/12\/Logo-Vila-Morgades.png","width":500,"height":500,"caption":"Vila Morgades"},"image":{"@id":"https:\/\/vilamorgades.es\/#\/schema\/logo\/image\/"},"sameAs":["https:\/\/www.instagram.com\/vila_morgades\/"]},{"@type":"Person","@id":"https:\/\/vilamorgades.es\/#\/schema\/person\/ee95443419c2ccde4a032d648fbcfaf1","name":"maria","image":{"@type":"ImageObject","inLanguage":"en-US","@id":"https:\/\/vilamorgades.es\/#\/schema\/person\/image\/","url":"https:\/\/secure.gravatar.com\/avatar\/2e2d80b7fb90f37fdde51fa4447ef41dd2c023a9339ddcc08f908b94eb1f24a8?s=96&d=mm&r=g","contentUrl":"https:\/\/secure.gravatar.com\/avatar\/2e2d80b7fb90f37fdde51fa4447ef41dd2c023a9339ddcc08f908b94eb1f24a8?s=96&d=mm&r=g","caption":"maria"},"sameAs":["http:\/\/vilamorgades.es"],"url":"https:\/\/vilamorgades.es\/?author=1"}]}},"_links":{"self":[{"href":"https:\/\/vilamorgades.es\/index.php?rest_route=\/wp\/v2\/posts\/3477","targetHints":{"allow":["GET"]}}],"collection":[{"href":"https:\/\/vilamorgades.es\/index.php?rest_route=\/wp\/v2\/posts"}],"about":[{"href":"https:\/\/vilamorgades.es\/index.php?rest_route=\/wp\/v2\/types\/post"}],"author":[{"embeddable":true,"href":"https:\/\/vilamorgades.es\/index.php?rest_route=\/wp\/v2\/users\/1"}],"replies":[{"embeddable":true,"href":"https:\/\/vilamorgades.es\/index.php?rest_route=%2Fwp%2Fv2%2Fcomments&post=3477"}],"version-history":[{"count":2,"href":"https:\/\/vilamorgades.es\/index.php?rest_route=\/wp\/v2\/posts\/3477\/revisions"}],"predecessor-version":[{"id":3480,"href":"https:\/\/vilamorgades.es\/index.php?rest_route=\/wp\/v2\/posts\/3477\/revisions\/3480"}],"wp:featuredmedia":[{"embeddable":true,"href":"https:\/\/vilamorgades.es\/index.php?rest_route=\/wp\/v2\/media\/3479"}],"wp:attachment":[{"href":"https:\/\/vilamorgades.es\/index.php?rest_route=%2Fwp%2Fv2%2Fmedia&parent=3477"}],"wp:term":[{"taxonomy":"category","embeddable":true,"href":"https:\/\/vilamorgades.es\/index.php?rest_route=%2Fwp%2Fv2%2Fcategories&post=3477"},{"taxonomy":"post_tag","embeddable":true,"href":"https:\/\/vilamorgades.es\/index.php?rest_route=%2Fwp%2Fv2%2Ftags&post=3477"}],"curies":[{"name":"wp","href":"https:\/\/api.w.org\/{rel}","templated":true}]}}