{"id":3487,"date":"2024-05-26T16:57:36","date_gmt":"2024-05-26T16:57:36","guid":{"rendered":"https:\/\/vilamorgades.es\/?p=3487"},"modified":"2024-05-26T19:11:14","modified_gmt":"2024-05-26T19:11:14","slug":"estrena-teatral-a-cal-vila","status":"publish","type":"post","link":"https:\/\/vilamorgades.es\/?p=3487&lang=ca","title":{"rendered":"Estrena teatral a Cal Vila"},"content":{"rendered":"\n<p>Els propers dies <strong>31 de maig i 1 de juny a Cal Vila estrena de \u2018Tartr\u00e0\u2019,<\/strong> una obra de teatre de la m\u00e0 de l\u2019artista penedesenca Mariona R\u00edos.\u00a0\u2018Tartr\u00e0\u2019 \u00e9s la hist\u00f2ria familiar d\u2019una nissaga de dones vinculades a la terra i a la producci\u00f3 vitivin\u00edcola.<\/p>\n\n\n\n<p>El mon\u00f2leg, creat, produ\u00eft i protagonitzat per l\u2019actriu i directora vilafranquina Mariona R\u00edos, representa la hist\u00f2ria en tres actes de tres generacions de dones amb arrels a la vinya i el vi.\u00a0<\/p>\n\n\n\n<p>Tartr\u00e0; subst\u00e0ncia que el most diposita en el fons i en les parets del cup, de les b\u00f3tes, etc., sota forma d\u2019una crosta cristal\u00b7lina rogenca.<\/p>\n\n\n\n<p>L\u2019obra s\u2019estrenar\u00e0 el divendres 31 de maig a les 19:30h i hi haur\u00e0 un segon passe el dissabte 1 de juny a les 19&nbsp;:30h.&nbsp;<\/p>\n\n\n\n<p>Es recomana arribar abans.<\/p>\n\n\n\n<p>Per reservar la teva entrada cal enviar un correu a&nbsp;<a href=\"mailto:maria@vilamorgades.com\">maria@vilamorgades.com<\/a>&nbsp;o trucar al +34 627 11 10 14.<\/p>\n\n\n\n<p>Entrades limitades i copa de cava inclosa.<\/p>\n","protected":false},"excerpt":{"rendered":"<p>Els propers dies 31 de maig i 1 de juny a Cal Vila estrena de \u2018Tartr\u00e0\u2019, una obra de teatre &hellip; <\/p>\n","protected":false},"author":1,"featured_media":3490,"comment_status":"open","ping_status":"open","sticky":true,"template":"","format":"standard","meta":{"footnotes":""},"categories":[219],"tags":[438,251,528,526,530,532],"class_list":["post-3487","post","type-post","status-publish","format-standard","has-post-thumbnail","hentry","category-histories-sin-categoria-ca","tag-cava-artesanal-es-ca","tag-cava-penedes","tag-teatre","tag-teatre-en-viu","tag-teatre-i-cava","tag-teatre-penedes"],"yoast_head":"<!-- This site is optimized with the Yoast SEO plugin v22.1 - https:\/\/yoast.com\/wordpress\/plugins\/seo\/ -->\n<title>Estrena teatral a Cal Vila - VILA MORGADES<\/title>\n<meta name=\"description\" content=\"Estrena teatral &quot;Tartr\u00e0&quot; a Cal Vila, Vila Morgades, els dies 31 de maig i 1 de juny de la m\u00e0 de Mariona R\u00edos.\" \/>\n<meta name=\"robots\" content=\"index, follow, max-snippet:-1, max-image-preview:large, max-video-preview:-1\" \/>\n<link rel=\"canonical\" href=\"https:\/\/vilamorgades.es\/?p=3487&lang=ca\" \/>\n<meta property=\"og:locale\" content=\"en_US\" \/>\n<meta property=\"og:type\" content=\"article\" \/>\n<meta property=\"og:title\" content=\"Estrena teatral a Cal Vila - VILA MORGADES\" \/>\n<meta property=\"og:description\" content=\"Estrena teatral &quot;Tartr\u00e0&quot; a Cal Vila, Vila Morgades, els dies 31 de maig i 1 de juny de la m\u00e0 de Mariona R\u00edos.\" \/>\n<meta property=\"og:url\" content=\"https:\/\/vilamorgades.es\/?p=3487&amp;lang=ca\" \/>\n<meta property=\"og:site_name\" content=\"VILA MORGADES\" \/>\n<meta property=\"article:published_time\" content=\"2024-05-26T16:57:36+00:00\" \/>\n<meta property=\"article:modified_time\" content=\"2024-05-26T19:11:14+00:00\" \/>\n<meta property=\"og:image\" content=\"https:\/\/vilamorgades.es\/wp-content\/uploads\/2024\/05\/post-titol1.jpg\" \/>\n\t<meta property=\"og:image:width\" content=\"1080\" \/>\n\t<meta property=\"og:image:height\" content=\"1080\" \/>\n\t<meta property=\"og:image:type\" content=\"image\/jpeg\" \/>\n<meta name=\"author\" content=\"maria\" \/>\n<meta name=\"twitter:card\" content=\"summary_large_image\" \/>\n<meta name=\"twitter:label1\" content=\"Written by\" \/>\n\t<meta name=\"twitter:data1\" content=\"maria\" \/>\n\t<meta name=\"twitter:label2\" content=\"Est. reading time\" \/>\n\t<meta name=\"twitter:data2\" content=\"1 minute\" \/>\n<script type=\"application\/ld+json\" class=\"yoast-schema-graph\">{\"@context\":\"https:\/\/schema.org\",\"@graph\":[{\"@type\":\"Article\",\"@id\":\"https:\/\/vilamorgades.es\/?p=3487&lang=ca#article\",\"isPartOf\":{\"@id\":\"https:\/\/vilamorgades.es\/?p=3487&lang=ca\"},\"author\":{\"name\":\"maria\",\"@id\":\"https:\/\/vilamorgades.es\/#\/schema\/person\/ee95443419c2ccde4a032d648fbcfaf1\"},\"headline\":\"Estrena teatral a Cal Vila\",\"datePublished\":\"2024-05-26T16:57:36+00:00\",\"dateModified\":\"2024-05-26T19:11:14+00:00\",\"mainEntityOfPage\":{\"@id\":\"https:\/\/vilamorgades.es\/?p=3487&lang=ca\"},\"wordCount\":175,\"commentCount\":0,\"publisher\":{\"@id\":\"https:\/\/vilamorgades.es\/#organization\"},\"keywords\":[\"cava artesanal\",\"cava Pened\u00e8s\",\"teatre\",\"teatre en viu\",\"teatre i cava\",\"teatre Pened\u00e8s\"],\"articleSection\":[\"Hist\u00f2ries\"],\"inLanguage\":\"en-US\",\"potentialAction\":[{\"@type\":\"CommentAction\",\"name\":\"Comment\",\"target\":[\"https:\/\/vilamorgades.es\/?p=3487&lang=ca#respond\"]}]},{\"@type\":\"WebPage\",\"@id\":\"https:\/\/vilamorgades.es\/?p=3487&lang=ca\",\"url\":\"https:\/\/vilamorgades.es\/?p=3487&lang=ca\",\"name\":\"Estrena teatral a Cal Vila - VILA MORGADES\",\"isPartOf\":{\"@id\":\"https:\/\/vilamorgades.es\/#website\"},\"datePublished\":\"2024-05-26T16:57:36+00:00\",\"dateModified\":\"2024-05-26T19:11:14+00:00\",\"description\":\"Estrena teatral \\\"Tartr\u00e0\\\" a Cal Vila, Vila Morgades, els dies 31 de maig i 1 de juny de la m\u00e0 de Mariona R\u00edos.\",\"breadcrumb\":{\"@id\":\"https:\/\/vilamorgades.es\/?p=3487&lang=ca#breadcrumb\"},\"inLanguage\":\"en-US\",\"potentialAction\":[{\"@type\":\"ReadAction\",\"target\":[\"https:\/\/vilamorgades.es\/?p=3487&lang=ca\"]}]},{\"@type\":\"BreadcrumbList\",\"@id\":\"https:\/\/vilamorgades.es\/?p=3487&lang=ca#breadcrumb\",\"itemListElement\":[{\"@type\":\"ListItem\",\"position\":1,\"name\":\"Home\",\"item\":\"https:\/\/vilamorgades.es\/\"},{\"@type\":\"ListItem\",\"position\":2,\"name\":\"Estrena teatral a Cal Vila\"}]},{\"@type\":\"WebSite\",\"@id\":\"https:\/\/vilamorgades.es\/#website\",\"url\":\"https:\/\/vilamorgades.es\/\",\"name\":\"VILA MORGADES\",\"description\":\"DES DEL S. XVIII\",\"publisher\":{\"@id\":\"https:\/\/vilamorgades.es\/#organization\"},\"potentialAction\":[{\"@type\":\"SearchAction\",\"target\":{\"@type\":\"EntryPoint\",\"urlTemplate\":\"https:\/\/vilamorgades.es\/?s={search_term_string}\"},\"query-input\":\"required name=search_term_string\"}],\"inLanguage\":\"en-US\"},{\"@type\":\"Organization\",\"@id\":\"https:\/\/vilamorgades.es\/#organization\",\"name\":\"Vila Morgades\",\"url\":\"https:\/\/vilamorgades.es\/\",\"logo\":{\"@type\":\"ImageObject\",\"inLanguage\":\"en-US\",\"@id\":\"https:\/\/vilamorgades.es\/#\/schema\/logo\/image\/\",\"url\":\"https:\/\/vilamorgades.es\/wp-content\/uploads\/2021\/12\/Logo-Vila-Morgades.png\",\"contentUrl\":\"https:\/\/vilamorgades.es\/wp-content\/uploads\/2021\/12\/Logo-Vila-Morgades.png\",\"width\":500,\"height\":500,\"caption\":\"Vila Morgades\"},\"image\":{\"@id\":\"https:\/\/vilamorgades.es\/#\/schema\/logo\/image\/\"},\"sameAs\":[\"https:\/\/www.instagram.com\/vila_morgades\/\"]},{\"@type\":\"Person\",\"@id\":\"https:\/\/vilamorgades.es\/#\/schema\/person\/ee95443419c2ccde4a032d648fbcfaf1\",\"name\":\"maria\",\"image\":{\"@type\":\"ImageObject\",\"inLanguage\":\"en-US\",\"@id\":\"https:\/\/vilamorgades.es\/#\/schema\/person\/image\/\",\"url\":\"https:\/\/secure.gravatar.com\/avatar\/2e2d80b7fb90f37fdde51fa4447ef41dd2c023a9339ddcc08f908b94eb1f24a8?s=96&d=mm&r=g\",\"contentUrl\":\"https:\/\/secure.gravatar.com\/avatar\/2e2d80b7fb90f37fdde51fa4447ef41dd2c023a9339ddcc08f908b94eb1f24a8?s=96&d=mm&r=g\",\"caption\":\"maria\"},\"sameAs\":[\"http:\/\/vilamorgades.es\"],\"url\":\"https:\/\/vilamorgades.es\/?author=1\"}]}<\/script>\n<!-- \/ Yoast SEO plugin. -->","yoast_head_json":{"title":"Estrena teatral a Cal Vila - VILA MORGADES","description":"Estrena teatral \"Tartr\u00e0\" a Cal Vila, Vila Morgades, els dies 31 de maig i 1 de juny de la m\u00e0 de Mariona R\u00edos.","robots":{"index":"index","follow":"follow","max-snippet":"max-snippet:-1","max-image-preview":"max-image-preview:large","max-video-preview":"max-video-preview:-1"},"canonical":"https:\/\/vilamorgades.es\/?p=3487&lang=ca","og_locale":"en_US","og_type":"article","og_title":"Estrena teatral a Cal Vila - VILA MORGADES","og_description":"Estrena teatral \"Tartr\u00e0\" a Cal Vila, Vila Morgades, els dies 31 de maig i 1 de juny de la m\u00e0 de Mariona R\u00edos.","og_url":"https:\/\/vilamorgades.es\/?p=3487&lang=ca","og_site_name":"VILA MORGADES","article_published_time":"2024-05-26T16:57:36+00:00","article_modified_time":"2024-05-26T19:11:14+00:00","og_image":[{"width":1080,"height":1080,"url":"https:\/\/vilamorgades.es\/wp-content\/uploads\/2024\/05\/post-titol1.jpg","type":"image\/jpeg"}],"author":"maria","twitter_card":"summary_large_image","twitter_misc":{"Written by":"maria","Est. reading time":"1 minute"},"schema":{"@context":"https:\/\/schema.org","@graph":[{"@type":"Article","@id":"https:\/\/vilamorgades.es\/?p=3487&lang=ca#article","isPartOf":{"@id":"https:\/\/vilamorgades.es\/?p=3487&lang=ca"},"author":{"name":"maria","@id":"https:\/\/vilamorgades.es\/#\/schema\/person\/ee95443419c2ccde4a032d648fbcfaf1"},"headline":"Estrena teatral a Cal Vila","datePublished":"2024-05-26T16:57:36+00:00","dateModified":"2024-05-26T19:11:14+00:00","mainEntityOfPage":{"@id":"https:\/\/vilamorgades.es\/?p=3487&lang=ca"},"wordCount":175,"commentCount":0,"publisher":{"@id":"https:\/\/vilamorgades.es\/#organization"},"keywords":["cava artesanal","cava Pened\u00e8s","teatre","teatre en viu","teatre i cava","teatre Pened\u00e8s"],"articleSection":["Hist\u00f2ries"],"inLanguage":"en-US","potentialAction":[{"@type":"CommentAction","name":"Comment","target":["https:\/\/vilamorgades.es\/?p=3487&lang=ca#respond"]}]},{"@type":"WebPage","@id":"https:\/\/vilamorgades.es\/?p=3487&lang=ca","url":"https:\/\/vilamorgades.es\/?p=3487&lang=ca","name":"Estrena teatral a Cal Vila - VILA MORGADES","isPartOf":{"@id":"https:\/\/vilamorgades.es\/#website"},"datePublished":"2024-05-26T16:57:36+00:00","dateModified":"2024-05-26T19:11:14+00:00","description":"Estrena teatral \"Tartr\u00e0\" a Cal Vila, Vila Morgades, els dies 31 de maig i 1 de juny de la m\u00e0 de Mariona R\u00edos.","breadcrumb":{"@id":"https:\/\/vilamorgades.es\/?p=3487&lang=ca#breadcrumb"},"inLanguage":"en-US","potentialAction":[{"@type":"ReadAction","target":["https:\/\/vilamorgades.es\/?p=3487&lang=ca"]}]},{"@type":"BreadcrumbList","@id":"https:\/\/vilamorgades.es\/?p=3487&lang=ca#breadcrumb","itemListElement":[{"@type":"ListItem","position":1,"name":"Home","item":"https:\/\/vilamorgades.es\/"},{"@type":"ListItem","position":2,"name":"Estrena teatral a Cal Vila"}]},{"@type":"WebSite","@id":"https:\/\/vilamorgades.es\/#website","url":"https:\/\/vilamorgades.es\/","name":"VILA MORGADES","description":"DES DEL S. XVIII","publisher":{"@id":"https:\/\/vilamorgades.es\/#organization"},"potentialAction":[{"@type":"SearchAction","target":{"@type":"EntryPoint","urlTemplate":"https:\/\/vilamorgades.es\/?s={search_term_string}"},"query-input":"required name=search_term_string"}],"inLanguage":"en-US"},{"@type":"Organization","@id":"https:\/\/vilamorgades.es\/#organization","name":"Vila Morgades","url":"https:\/\/vilamorgades.es\/","logo":{"@type":"ImageObject","inLanguage":"en-US","@id":"https:\/\/vilamorgades.es\/#\/schema\/logo\/image\/","url":"https:\/\/vilamorgades.es\/wp-content\/uploads\/2021\/12\/Logo-Vila-Morgades.png","contentUrl":"https:\/\/vilamorgades.es\/wp-content\/uploads\/2021\/12\/Logo-Vila-Morgades.png","width":500,"height":500,"caption":"Vila Morgades"},"image":{"@id":"https:\/\/vilamorgades.es\/#\/schema\/logo\/image\/"},"sameAs":["https:\/\/www.instagram.com\/vila_morgades\/"]},{"@type":"Person","@id":"https:\/\/vilamorgades.es\/#\/schema\/person\/ee95443419c2ccde4a032d648fbcfaf1","name":"maria","image":{"@type":"ImageObject","inLanguage":"en-US","@id":"https:\/\/vilamorgades.es\/#\/schema\/person\/image\/","url":"https:\/\/secure.gravatar.com\/avatar\/2e2d80b7fb90f37fdde51fa4447ef41dd2c023a9339ddcc08f908b94eb1f24a8?s=96&d=mm&r=g","contentUrl":"https:\/\/secure.gravatar.com\/avatar\/2e2d80b7fb90f37fdde51fa4447ef41dd2c023a9339ddcc08f908b94eb1f24a8?s=96&d=mm&r=g","caption":"maria"},"sameAs":["http:\/\/vilamorgades.es"],"url":"https:\/\/vilamorgades.es\/?author=1"}]}},"_links":{"self":[{"href":"https:\/\/vilamorgades.es\/index.php?rest_route=\/wp\/v2\/posts\/3487","targetHints":{"allow":["GET"]}}],"collection":[{"href":"https:\/\/vilamorgades.es\/index.php?rest_route=\/wp\/v2\/posts"}],"about":[{"href":"https:\/\/vilamorgades.es\/index.php?rest_route=\/wp\/v2\/types\/post"}],"author":[{"embeddable":true,"href":"https:\/\/vilamorgades.es\/index.php?rest_route=\/wp\/v2\/users\/1"}],"replies":[{"embeddable":true,"href":"https:\/\/vilamorgades.es\/index.php?rest_route=%2Fwp%2Fv2%2Fcomments&post=3487"}],"version-history":[{"count":1,"href":"https:\/\/vilamorgades.es\/index.php?rest_route=\/wp\/v2\/posts\/3487\/revisions"}],"predecessor-version":[{"id":3488,"href":"https:\/\/vilamorgades.es\/index.php?rest_route=\/wp\/v2\/posts\/3487\/revisions\/3488"}],"wp:featuredmedia":[{"embeddable":true,"href":"https:\/\/vilamorgades.es\/index.php?rest_route=\/wp\/v2\/media\/3490"}],"wp:attachment":[{"href":"https:\/\/vilamorgades.es\/index.php?rest_route=%2Fwp%2Fv2%2Fmedia&parent=3487"}],"wp:term":[{"taxonomy":"category","embeddable":true,"href":"https:\/\/vilamorgades.es\/index.php?rest_route=%2Fwp%2Fv2%2Fcategories&post=3487"},{"taxonomy":"post_tag","embeddable":true,"href":"https:\/\/vilamorgades.es\/index.php?rest_route=%2Fwp%2Fv2%2Ftags&post=3487"}],"curies":[{"name":"wp","href":"https:\/\/api.w.org\/{rel}","templated":true}]}}