{"id":3491,"date":"2024-05-26T17:00:06","date_gmt":"2024-05-26T17:00:06","guid":{"rendered":"https:\/\/vilamorgades.es\/?p=3491"},"modified":"2024-05-26T19:12:10","modified_gmt":"2024-05-26T19:12:10","slug":"estrena-teatral-en-cal-vila","status":"publish","type":"post","link":"https:\/\/vilamorgades.es\/?p=3491","title":{"rendered":"Estrena teatral en Cal Vila"},"content":{"rendered":"\n<p>Los pr\u00f3ximos d\u00edas <strong>31 de mayo y 1 de junio en Cal Vila estreno de &#8216;Tartr\u00e0&#8217;<\/strong>, una obra de teatro de la mano de la artista del Pened\u00e8s Mariona R\u00edos. \u2018Tartr\u00e0\u2019 es la historia familiar de una estirpe de mujeres vinculadas a la tierra y a la producci\u00f3n vitivin\u00edcola.<\/p>\n\n\n\n<p>El mon\u00f3logo, creado, producido y protagonizado por la actriz y directora Mariona R\u00edos, representa la historia en tres actos de tres generaciones de mujeres con ra\u00edces en el vi\u00f1edo y el vino.&nbsp;<\/p>\n\n\n\n<p>Tartr\u00e1n; sustancia que el mosto deposita en el fondo y en las paredes del lagar, de las barricas, etc., bajo forma de una corteza cristalina rojiza.<\/p>\n\n\n\n<p>La obra se estrenar\u00e1 el viernes 31 de mayo a las 19:30h y habr\u00e1 un segundo pase el s\u00e1bado 1 de junio a las 19:30h.&nbsp;<\/p>\n\n\n\n<p>Se recomienda llegar antes.<\/p>\n\n\n\n<p>Para reservar tu entrada es necesario enviar un correo a maria@vilamorgades.com o llamar al +34 627 11 10 14.<\/p>\n\n\n\n<p>Entradas limitadas y copa de cava incluida.<\/p>\n","protected":false},"excerpt":{"rendered":"<p>Los pr\u00f3ximos d\u00edas 31 de mayo y 1 de junio en Cal Vila estreno de &#8216;Tartr\u00e0&#8217;, una obra de teatro &hellip; <\/p>\n","protected":false},"author":1,"featured_media":3490,"comment_status":"open","ping_status":"open","sticky":true,"template":"","format":"standard","meta":{"footnotes":""},"categories":[54],"tags":[386,542,285,534,540,538,536],"class_list":["post-3491","post","type-post","status-publish","format-standard","has-post-thumbnail","hentry","category-historias","tag-cava-artesanal-es","tag-cava-familiar-es","tag-cava-penedes-es","tag-teatro","tag-teatro-en-vivo","tag-teatro-penedes","tag-teatro-y-cava"],"yoast_head":"<!-- This site is optimized with the Yoast SEO plugin v22.1 - https:\/\/yoast.com\/wordpress\/plugins\/seo\/ -->\n<title>Estrena teatral en Cal Vila - VILA MORGADES<\/title>\n<meta name=\"description\" content=\"Estreno teatral &quot;Tartr\u00e0&quot; en Cal Vila, Villa Morgades, los d\u00edas 31 de mayo y 1 de junio de la mano de Mariona R\u00edos.\" \/>\n<meta name=\"robots\" content=\"index, follow, max-snippet:-1, max-image-preview:large, max-video-preview:-1\" \/>\n<link rel=\"canonical\" href=\"https:\/\/vilamorgades.es\/?p=3491\" \/>\n<meta property=\"og:locale\" content=\"en_US\" \/>\n<meta property=\"og:type\" content=\"article\" \/>\n<meta property=\"og:title\" content=\"Estrena teatral en Cal Vila - VILA MORGADES\" \/>\n<meta property=\"og:description\" content=\"Estreno teatral &quot;Tartr\u00e0&quot; en Cal Vila, Villa Morgades, los d\u00edas 31 de mayo y 1 de junio de la mano de Mariona R\u00edos.\" \/>\n<meta property=\"og:url\" content=\"https:\/\/vilamorgades.es\/?p=3491\" \/>\n<meta property=\"og:site_name\" content=\"VILA MORGADES\" \/>\n<meta property=\"article:published_time\" content=\"2024-05-26T17:00:06+00:00\" \/>\n<meta property=\"article:modified_time\" content=\"2024-05-26T19:12:10+00:00\" \/>\n<meta property=\"og:image\" content=\"https:\/\/vilamorgades.es\/wp-content\/uploads\/2024\/05\/post-titol1.jpg\" \/>\n\t<meta property=\"og:image:width\" content=\"1080\" \/>\n\t<meta property=\"og:image:height\" content=\"1080\" \/>\n\t<meta property=\"og:image:type\" content=\"image\/jpeg\" \/>\n<meta name=\"author\" content=\"maria\" \/>\n<meta name=\"twitter:card\" content=\"summary_large_image\" \/>\n<meta name=\"twitter:label1\" content=\"Written by\" \/>\n\t<meta name=\"twitter:data1\" content=\"maria\" \/>\n\t<meta name=\"twitter:label2\" content=\"Est. reading time\" \/>\n\t<meta name=\"twitter:data2\" content=\"1 minute\" \/>\n<script type=\"application\/ld+json\" class=\"yoast-schema-graph\">{\"@context\":\"https:\/\/schema.org\",\"@graph\":[{\"@type\":\"Article\",\"@id\":\"https:\/\/vilamorgades.es\/?p=3491#article\",\"isPartOf\":{\"@id\":\"https:\/\/vilamorgades.es\/?p=3491\"},\"author\":{\"name\":\"maria\",\"@id\":\"https:\/\/vilamorgades.es\/#\/schema\/person\/ee95443419c2ccde4a032d648fbcfaf1\"},\"headline\":\"Estrena teatral en Cal Vila\",\"datePublished\":\"2024-05-26T17:00:06+00:00\",\"dateModified\":\"2024-05-26T19:12:10+00:00\",\"mainEntityOfPage\":{\"@id\":\"https:\/\/vilamorgades.es\/?p=3491\"},\"wordCount\":175,\"commentCount\":0,\"publisher\":{\"@id\":\"https:\/\/vilamorgades.es\/#organization\"},\"keywords\":[\"cava artesanal\",\"cava familiar\",\"cava Pened\u00e8s\",\"teatro\",\"teatro en vivo\",\"teatro Pened\u00e8s\",\"teatro y cava\"],\"articleSection\":[\"Historias\"],\"inLanguage\":\"en-US\",\"potentialAction\":[{\"@type\":\"CommentAction\",\"name\":\"Comment\",\"target\":[\"https:\/\/vilamorgades.es\/?p=3491#respond\"]}]},{\"@type\":\"WebPage\",\"@id\":\"https:\/\/vilamorgades.es\/?p=3491\",\"url\":\"https:\/\/vilamorgades.es\/?p=3491\",\"name\":\"Estrena teatral en Cal Vila - VILA MORGADES\",\"isPartOf\":{\"@id\":\"https:\/\/vilamorgades.es\/#website\"},\"datePublished\":\"2024-05-26T17:00:06+00:00\",\"dateModified\":\"2024-05-26T19:12:10+00:00\",\"description\":\"Estreno teatral \\\"Tartr\u00e0\\\" en Cal Vila, Villa Morgades, los d\u00edas 31 de mayo y 1 de junio de la mano de Mariona R\u00edos.\",\"breadcrumb\":{\"@id\":\"https:\/\/vilamorgades.es\/?p=3491#breadcrumb\"},\"inLanguage\":\"en-US\",\"potentialAction\":[{\"@type\":\"ReadAction\",\"target\":[\"https:\/\/vilamorgades.es\/?p=3491\"]}]},{\"@type\":\"BreadcrumbList\",\"@id\":\"https:\/\/vilamorgades.es\/?p=3491#breadcrumb\",\"itemListElement\":[{\"@type\":\"ListItem\",\"position\":1,\"name\":\"Home\",\"item\":\"https:\/\/vilamorgades.es\/\"},{\"@type\":\"ListItem\",\"position\":2,\"name\":\"Estrena teatral en Cal Vila\"}]},{\"@type\":\"WebSite\",\"@id\":\"https:\/\/vilamorgades.es\/#website\",\"url\":\"https:\/\/vilamorgades.es\/\",\"name\":\"VILA MORGADES\",\"description\":\"DES DEL S. XVIII\",\"publisher\":{\"@id\":\"https:\/\/vilamorgades.es\/#organization\"},\"potentialAction\":[{\"@type\":\"SearchAction\",\"target\":{\"@type\":\"EntryPoint\",\"urlTemplate\":\"https:\/\/vilamorgades.es\/?s={search_term_string}\"},\"query-input\":\"required name=search_term_string\"}],\"inLanguage\":\"en-US\"},{\"@type\":\"Organization\",\"@id\":\"https:\/\/vilamorgades.es\/#organization\",\"name\":\"Vila Morgades\",\"url\":\"https:\/\/vilamorgades.es\/\",\"logo\":{\"@type\":\"ImageObject\",\"inLanguage\":\"en-US\",\"@id\":\"https:\/\/vilamorgades.es\/#\/schema\/logo\/image\/\",\"url\":\"https:\/\/vilamorgades.es\/wp-content\/uploads\/2021\/12\/Logo-Vila-Morgades.png\",\"contentUrl\":\"https:\/\/vilamorgades.es\/wp-content\/uploads\/2021\/12\/Logo-Vila-Morgades.png\",\"width\":500,\"height\":500,\"caption\":\"Vila Morgades\"},\"image\":{\"@id\":\"https:\/\/vilamorgades.es\/#\/schema\/logo\/image\/\"},\"sameAs\":[\"https:\/\/www.instagram.com\/vila_morgades\/\"]},{\"@type\":\"Person\",\"@id\":\"https:\/\/vilamorgades.es\/#\/schema\/person\/ee95443419c2ccde4a032d648fbcfaf1\",\"name\":\"maria\",\"image\":{\"@type\":\"ImageObject\",\"inLanguage\":\"en-US\",\"@id\":\"https:\/\/vilamorgades.es\/#\/schema\/person\/image\/\",\"url\":\"https:\/\/secure.gravatar.com\/avatar\/2e2d80b7fb90f37fdde51fa4447ef41dd2c023a9339ddcc08f908b94eb1f24a8?s=96&d=mm&r=g\",\"contentUrl\":\"https:\/\/secure.gravatar.com\/avatar\/2e2d80b7fb90f37fdde51fa4447ef41dd2c023a9339ddcc08f908b94eb1f24a8?s=96&d=mm&r=g\",\"caption\":\"maria\"},\"sameAs\":[\"http:\/\/vilamorgades.es\"],\"url\":\"https:\/\/vilamorgades.es\/?author=1\"}]}<\/script>\n<!-- \/ Yoast SEO plugin. -->","yoast_head_json":{"title":"Estrena teatral en Cal Vila - VILA MORGADES","description":"Estreno teatral \"Tartr\u00e0\" en Cal Vila, Villa Morgades, los d\u00edas 31 de mayo y 1 de junio de la mano de Mariona R\u00edos.","robots":{"index":"index","follow":"follow","max-snippet":"max-snippet:-1","max-image-preview":"max-image-preview:large","max-video-preview":"max-video-preview:-1"},"canonical":"https:\/\/vilamorgades.es\/?p=3491","og_locale":"en_US","og_type":"article","og_title":"Estrena teatral en Cal Vila - VILA MORGADES","og_description":"Estreno teatral \"Tartr\u00e0\" en Cal Vila, Villa Morgades, los d\u00edas 31 de mayo y 1 de junio de la mano de Mariona R\u00edos.","og_url":"https:\/\/vilamorgades.es\/?p=3491","og_site_name":"VILA MORGADES","article_published_time":"2024-05-26T17:00:06+00:00","article_modified_time":"2024-05-26T19:12:10+00:00","og_image":[{"width":1080,"height":1080,"url":"https:\/\/vilamorgades.es\/wp-content\/uploads\/2024\/05\/post-titol1.jpg","type":"image\/jpeg"}],"author":"maria","twitter_card":"summary_large_image","twitter_misc":{"Written by":"maria","Est. reading time":"1 minute"},"schema":{"@context":"https:\/\/schema.org","@graph":[{"@type":"Article","@id":"https:\/\/vilamorgades.es\/?p=3491#article","isPartOf":{"@id":"https:\/\/vilamorgades.es\/?p=3491"},"author":{"name":"maria","@id":"https:\/\/vilamorgades.es\/#\/schema\/person\/ee95443419c2ccde4a032d648fbcfaf1"},"headline":"Estrena teatral en Cal Vila","datePublished":"2024-05-26T17:00:06+00:00","dateModified":"2024-05-26T19:12:10+00:00","mainEntityOfPage":{"@id":"https:\/\/vilamorgades.es\/?p=3491"},"wordCount":175,"commentCount":0,"publisher":{"@id":"https:\/\/vilamorgades.es\/#organization"},"keywords":["cava artesanal","cava familiar","cava Pened\u00e8s","teatro","teatro en vivo","teatro Pened\u00e8s","teatro y cava"],"articleSection":["Historias"],"inLanguage":"en-US","potentialAction":[{"@type":"CommentAction","name":"Comment","target":["https:\/\/vilamorgades.es\/?p=3491#respond"]}]},{"@type":"WebPage","@id":"https:\/\/vilamorgades.es\/?p=3491","url":"https:\/\/vilamorgades.es\/?p=3491","name":"Estrena teatral en Cal Vila - VILA MORGADES","isPartOf":{"@id":"https:\/\/vilamorgades.es\/#website"},"datePublished":"2024-05-26T17:00:06+00:00","dateModified":"2024-05-26T19:12:10+00:00","description":"Estreno teatral \"Tartr\u00e0\" en Cal Vila, Villa Morgades, los d\u00edas 31 de mayo y 1 de junio de la mano de Mariona R\u00edos.","breadcrumb":{"@id":"https:\/\/vilamorgades.es\/?p=3491#breadcrumb"},"inLanguage":"en-US","potentialAction":[{"@type":"ReadAction","target":["https:\/\/vilamorgades.es\/?p=3491"]}]},{"@type":"BreadcrumbList","@id":"https:\/\/vilamorgades.es\/?p=3491#breadcrumb","itemListElement":[{"@type":"ListItem","position":1,"name":"Home","item":"https:\/\/vilamorgades.es\/"},{"@type":"ListItem","position":2,"name":"Estrena teatral en Cal Vila"}]},{"@type":"WebSite","@id":"https:\/\/vilamorgades.es\/#website","url":"https:\/\/vilamorgades.es\/","name":"VILA MORGADES","description":"DES DEL S. XVIII","publisher":{"@id":"https:\/\/vilamorgades.es\/#organization"},"potentialAction":[{"@type":"SearchAction","target":{"@type":"EntryPoint","urlTemplate":"https:\/\/vilamorgades.es\/?s={search_term_string}"},"query-input":"required name=search_term_string"}],"inLanguage":"en-US"},{"@type":"Organization","@id":"https:\/\/vilamorgades.es\/#organization","name":"Vila Morgades","url":"https:\/\/vilamorgades.es\/","logo":{"@type":"ImageObject","inLanguage":"en-US","@id":"https:\/\/vilamorgades.es\/#\/schema\/logo\/image\/","url":"https:\/\/vilamorgades.es\/wp-content\/uploads\/2021\/12\/Logo-Vila-Morgades.png","contentUrl":"https:\/\/vilamorgades.es\/wp-content\/uploads\/2021\/12\/Logo-Vila-Morgades.png","width":500,"height":500,"caption":"Vila Morgades"},"image":{"@id":"https:\/\/vilamorgades.es\/#\/schema\/logo\/image\/"},"sameAs":["https:\/\/www.instagram.com\/vila_morgades\/"]},{"@type":"Person","@id":"https:\/\/vilamorgades.es\/#\/schema\/person\/ee95443419c2ccde4a032d648fbcfaf1","name":"maria","image":{"@type":"ImageObject","inLanguage":"en-US","@id":"https:\/\/vilamorgades.es\/#\/schema\/person\/image\/","url":"https:\/\/secure.gravatar.com\/avatar\/2e2d80b7fb90f37fdde51fa4447ef41dd2c023a9339ddcc08f908b94eb1f24a8?s=96&d=mm&r=g","contentUrl":"https:\/\/secure.gravatar.com\/avatar\/2e2d80b7fb90f37fdde51fa4447ef41dd2c023a9339ddcc08f908b94eb1f24a8?s=96&d=mm&r=g","caption":"maria"},"sameAs":["http:\/\/vilamorgades.es"],"url":"https:\/\/vilamorgades.es\/?author=1"}]}},"_links":{"self":[{"href":"https:\/\/vilamorgades.es\/index.php?rest_route=\/wp\/v2\/posts\/3491","targetHints":{"allow":["GET"]}}],"collection":[{"href":"https:\/\/vilamorgades.es\/index.php?rest_route=\/wp\/v2\/posts"}],"about":[{"href":"https:\/\/vilamorgades.es\/index.php?rest_route=\/wp\/v2\/types\/post"}],"author":[{"embeddable":true,"href":"https:\/\/vilamorgades.es\/index.php?rest_route=\/wp\/v2\/users\/1"}],"replies":[{"embeddable":true,"href":"https:\/\/vilamorgades.es\/index.php?rest_route=%2Fwp%2Fv2%2Fcomments&post=3491"}],"version-history":[{"count":1,"href":"https:\/\/vilamorgades.es\/index.php?rest_route=\/wp\/v2\/posts\/3491\/revisions"}],"predecessor-version":[{"id":3492,"href":"https:\/\/vilamorgades.es\/index.php?rest_route=\/wp\/v2\/posts\/3491\/revisions\/3492"}],"wp:featuredmedia":[{"embeddable":true,"href":"https:\/\/vilamorgades.es\/index.php?rest_route=\/wp\/v2\/media\/3490"}],"wp:attachment":[{"href":"https:\/\/vilamorgades.es\/index.php?rest_route=%2Fwp%2Fv2%2Fmedia&parent=3491"}],"wp:term":[{"taxonomy":"category","embeddable":true,"href":"https:\/\/vilamorgades.es\/index.php?rest_route=%2Fwp%2Fv2%2Fcategories&post=3491"},{"taxonomy":"post_tag","embeddable":true,"href":"https:\/\/vilamorgades.es\/index.php?rest_route=%2Fwp%2Fv2%2Ftags&post=3491"}],"curies":[{"name":"wp","href":"https:\/\/api.w.org\/{rel}","templated":true}]}}