{"id":3493,"date":"2024-05-26T19:10:01","date_gmt":"2024-05-26T19:10:01","guid":{"rendered":"https:\/\/vilamorgades.es\/?p=3493"},"modified":"2024-05-26T19:13:18","modified_gmt":"2024-05-26T19:13:18","slug":"premiere-at-cal-vila","status":"publish","type":"post","link":"https:\/\/vilamorgades.es\/?p=3493&lang=en","title":{"rendered":"Premi\u00e8re at Cal Vila"},"content":{"rendered":"\n<p>On <strong>May 31 and June 1, Cal Vila premieres &#8216;Tartr\u00e0&#8217;<\/strong>, a play by Catalan artist Mariona R\u00edos. &#8216;Tartr\u00e0&#8217; is the family story of a line of women linked to the land and wine production.<\/p>\n\n\n\n<p>The monologue, created, produced and starring the actress and director Mariona R\u00edos, represents the story in three acts of three generations of women with roots in the vineyard and wine.&nbsp;<\/p>\n\n\n\n<p>Tartran; substance that the must deposits on the bottom and walls of the cup, barrels, etc., in the form of a reddish crystalline crust.<\/p>\n\n\n\n<p>The play will premiere on Friday, May 31 at 7:30 p.m. and there will be a second performance on Saturday, June 1 at 7:30 p.m.&nbsp;<\/p>\n\n\n\n<p>It is recommended to arrive earlier.<\/p>\n\n\n\n<p>To reserve your ticket, send an email to maria@vilamorgades.com or call +34 627 11 10 14.<\/p>\n\n\n\n<p>Limited tickets and glass of cava included.<\/p>\n","protected":false},"excerpt":{"rendered":"<p>On May 31 and June 1, Cal Vila premieres &#8216;Tartr\u00e0&#8217;, a play by Catalan artist Mariona R\u00edos. &#8216;Tartr\u00e0&#8217; is the &hellip; <\/p>\n","protected":false},"author":1,"featured_media":3490,"comment_status":"open","ping_status":"open","sticky":true,"template":"","format":"standard","meta":{"footnotes":""},"categories":[376],"tags":[517,550,546,544,552,548],"class_list":["post-3493","post","type-post","status-publish","format-standard","has-post-thumbnail","hentry","category-stories-en","tag-artisanal-cava","tag-catalan-culture","tag-cava-and-culture","tag-cava-and-theater","tag-cava-penedes-es-en","tag-culture-penedes"],"yoast_head":"<!-- This site is optimized with the Yoast SEO plugin v22.1 - https:\/\/yoast.com\/wordpress\/plugins\/seo\/ -->\n<title>Premi\u00e8re at Cal Vila - VILA MORGADES<\/title>\n<meta name=\"description\" content=\"Theatrical premiere of &quot;Tartr\u00e0&quot; in Cal Vila, Villa Morgades, on May 31st and June 1st by artist Mariona R\u00edos.\" \/>\n<meta name=\"robots\" content=\"index, follow, max-snippet:-1, max-image-preview:large, max-video-preview:-1\" \/>\n<link rel=\"canonical\" href=\"https:\/\/vilamorgades.es\/?p=3493&lang=en\" \/>\n<meta property=\"og:locale\" content=\"en_US\" \/>\n<meta property=\"og:type\" content=\"article\" \/>\n<meta property=\"og:title\" content=\"Premi\u00e8re at Cal Vila - VILA MORGADES\" \/>\n<meta property=\"og:description\" content=\"Theatrical premiere of &quot;Tartr\u00e0&quot; in Cal Vila, Villa Morgades, on May 31st and June 1st by artist Mariona R\u00edos.\" \/>\n<meta property=\"og:url\" content=\"https:\/\/vilamorgades.es\/?p=3493&amp;lang=en\" \/>\n<meta property=\"og:site_name\" content=\"VILA MORGADES\" \/>\n<meta property=\"article:published_time\" content=\"2024-05-26T19:10:01+00:00\" \/>\n<meta property=\"article:modified_time\" content=\"2024-05-26T19:13:18+00:00\" \/>\n<meta property=\"og:image\" content=\"https:\/\/vilamorgades.es\/wp-content\/uploads\/2024\/05\/post-titol1.jpg\" \/>\n\t<meta property=\"og:image:width\" content=\"1080\" \/>\n\t<meta property=\"og:image:height\" content=\"1080\" \/>\n\t<meta property=\"og:image:type\" content=\"image\/jpeg\" \/>\n<meta name=\"author\" content=\"maria\" \/>\n<meta name=\"twitter:card\" content=\"summary_large_image\" \/>\n<meta name=\"twitter:label1\" content=\"Written by\" \/>\n\t<meta name=\"twitter:data1\" content=\"maria\" \/>\n\t<meta name=\"twitter:label2\" content=\"Est. reading time\" \/>\n\t<meta name=\"twitter:data2\" content=\"1 minute\" \/>\n<script type=\"application\/ld+json\" class=\"yoast-schema-graph\">{\"@context\":\"https:\/\/schema.org\",\"@graph\":[{\"@type\":\"Article\",\"@id\":\"https:\/\/vilamorgades.es\/?p=3493&lang=en#article\",\"isPartOf\":{\"@id\":\"https:\/\/vilamorgades.es\/?p=3493&lang=en\"},\"author\":{\"name\":\"maria\",\"@id\":\"https:\/\/vilamorgades.es\/#\/schema\/person\/ee95443419c2ccde4a032d648fbcfaf1\"},\"headline\":\"Premi\u00e8re at Cal Vila\",\"datePublished\":\"2024-05-26T19:10:01+00:00\",\"dateModified\":\"2024-05-26T19:13:18+00:00\",\"mainEntityOfPage\":{\"@id\":\"https:\/\/vilamorgades.es\/?p=3493&lang=en\"},\"wordCount\":146,\"commentCount\":0,\"publisher\":{\"@id\":\"https:\/\/vilamorgades.es\/#organization\"},\"keywords\":[\"artisanal cava\",\"catalan culture\",\"cava and culture\",\"cava and theater\",\"cava Pened\u00e8s\",\"culture Pened\u00e8s\"],\"articleSection\":[\"Stories\"],\"inLanguage\":\"en-US\",\"potentialAction\":[{\"@type\":\"CommentAction\",\"name\":\"Comment\",\"target\":[\"https:\/\/vilamorgades.es\/?p=3493&lang=en#respond\"]}]},{\"@type\":\"WebPage\",\"@id\":\"https:\/\/vilamorgades.es\/?p=3493&lang=en\",\"url\":\"https:\/\/vilamorgades.es\/?p=3493&lang=en\",\"name\":\"Premi\u00e8re at Cal Vila - VILA MORGADES\",\"isPartOf\":{\"@id\":\"https:\/\/vilamorgades.es\/#website\"},\"datePublished\":\"2024-05-26T19:10:01+00:00\",\"dateModified\":\"2024-05-26T19:13:18+00:00\",\"description\":\"Theatrical premiere of \\\"Tartr\u00e0\\\" in Cal Vila, Villa Morgades, on May 31st and June 1st by artist Mariona R\u00edos.\",\"breadcrumb\":{\"@id\":\"https:\/\/vilamorgades.es\/?p=3493&lang=en#breadcrumb\"},\"inLanguage\":\"en-US\",\"potentialAction\":[{\"@type\":\"ReadAction\",\"target\":[\"https:\/\/vilamorgades.es\/?p=3493&lang=en\"]}]},{\"@type\":\"BreadcrumbList\",\"@id\":\"https:\/\/vilamorgades.es\/?p=3493&lang=en#breadcrumb\",\"itemListElement\":[{\"@type\":\"ListItem\",\"position\":1,\"name\":\"Home\",\"item\":\"https:\/\/vilamorgades.es\/\"},{\"@type\":\"ListItem\",\"position\":2,\"name\":\"Premi\u00e8re at Cal Vila\"}]},{\"@type\":\"WebSite\",\"@id\":\"https:\/\/vilamorgades.es\/#website\",\"url\":\"https:\/\/vilamorgades.es\/\",\"name\":\"VILA MORGADES\",\"description\":\"DES DEL S. XVIII\",\"publisher\":{\"@id\":\"https:\/\/vilamorgades.es\/#organization\"},\"potentialAction\":[{\"@type\":\"SearchAction\",\"target\":{\"@type\":\"EntryPoint\",\"urlTemplate\":\"https:\/\/vilamorgades.es\/?s={search_term_string}\"},\"query-input\":\"required name=search_term_string\"}],\"inLanguage\":\"en-US\"},{\"@type\":\"Organization\",\"@id\":\"https:\/\/vilamorgades.es\/#organization\",\"name\":\"Vila Morgades\",\"url\":\"https:\/\/vilamorgades.es\/\",\"logo\":{\"@type\":\"ImageObject\",\"inLanguage\":\"en-US\",\"@id\":\"https:\/\/vilamorgades.es\/#\/schema\/logo\/image\/\",\"url\":\"https:\/\/vilamorgades.es\/wp-content\/uploads\/2021\/12\/Logo-Vila-Morgades.png\",\"contentUrl\":\"https:\/\/vilamorgades.es\/wp-content\/uploads\/2021\/12\/Logo-Vila-Morgades.png\",\"width\":500,\"height\":500,\"caption\":\"Vila Morgades\"},\"image\":{\"@id\":\"https:\/\/vilamorgades.es\/#\/schema\/logo\/image\/\"},\"sameAs\":[\"https:\/\/www.instagram.com\/vila_morgades\/\"]},{\"@type\":\"Person\",\"@id\":\"https:\/\/vilamorgades.es\/#\/schema\/person\/ee95443419c2ccde4a032d648fbcfaf1\",\"name\":\"maria\",\"image\":{\"@type\":\"ImageObject\",\"inLanguage\":\"en-US\",\"@id\":\"https:\/\/vilamorgades.es\/#\/schema\/person\/image\/\",\"url\":\"https:\/\/secure.gravatar.com\/avatar\/2e2d80b7fb90f37fdde51fa4447ef41dd2c023a9339ddcc08f908b94eb1f24a8?s=96&d=mm&r=g\",\"contentUrl\":\"https:\/\/secure.gravatar.com\/avatar\/2e2d80b7fb90f37fdde51fa4447ef41dd2c023a9339ddcc08f908b94eb1f24a8?s=96&d=mm&r=g\",\"caption\":\"maria\"},\"sameAs\":[\"http:\/\/vilamorgades.es\"],\"url\":\"https:\/\/vilamorgades.es\/?author=1\"}]}<\/script>\n<!-- \/ Yoast SEO plugin. -->","yoast_head_json":{"title":"Premi\u00e8re at Cal Vila - VILA MORGADES","description":"Theatrical premiere of \"Tartr\u00e0\" in Cal Vila, Villa Morgades, on May 31st and June 1st by artist Mariona R\u00edos.","robots":{"index":"index","follow":"follow","max-snippet":"max-snippet:-1","max-image-preview":"max-image-preview:large","max-video-preview":"max-video-preview:-1"},"canonical":"https:\/\/vilamorgades.es\/?p=3493&lang=en","og_locale":"en_US","og_type":"article","og_title":"Premi\u00e8re at Cal Vila - VILA MORGADES","og_description":"Theatrical premiere of \"Tartr\u00e0\" in Cal Vila, Villa Morgades, on May 31st and June 1st by artist Mariona R\u00edos.","og_url":"https:\/\/vilamorgades.es\/?p=3493&lang=en","og_site_name":"VILA MORGADES","article_published_time":"2024-05-26T19:10:01+00:00","article_modified_time":"2024-05-26T19:13:18+00:00","og_image":[{"width":1080,"height":1080,"url":"https:\/\/vilamorgades.es\/wp-content\/uploads\/2024\/05\/post-titol1.jpg","type":"image\/jpeg"}],"author":"maria","twitter_card":"summary_large_image","twitter_misc":{"Written by":"maria","Est. reading time":"1 minute"},"schema":{"@context":"https:\/\/schema.org","@graph":[{"@type":"Article","@id":"https:\/\/vilamorgades.es\/?p=3493&lang=en#article","isPartOf":{"@id":"https:\/\/vilamorgades.es\/?p=3493&lang=en"},"author":{"name":"maria","@id":"https:\/\/vilamorgades.es\/#\/schema\/person\/ee95443419c2ccde4a032d648fbcfaf1"},"headline":"Premi\u00e8re at Cal Vila","datePublished":"2024-05-26T19:10:01+00:00","dateModified":"2024-05-26T19:13:18+00:00","mainEntityOfPage":{"@id":"https:\/\/vilamorgades.es\/?p=3493&lang=en"},"wordCount":146,"commentCount":0,"publisher":{"@id":"https:\/\/vilamorgades.es\/#organization"},"keywords":["artisanal cava","catalan culture","cava and culture","cava and theater","cava Pened\u00e8s","culture Pened\u00e8s"],"articleSection":["Stories"],"inLanguage":"en-US","potentialAction":[{"@type":"CommentAction","name":"Comment","target":["https:\/\/vilamorgades.es\/?p=3493&lang=en#respond"]}]},{"@type":"WebPage","@id":"https:\/\/vilamorgades.es\/?p=3493&lang=en","url":"https:\/\/vilamorgades.es\/?p=3493&lang=en","name":"Premi\u00e8re at Cal Vila - VILA MORGADES","isPartOf":{"@id":"https:\/\/vilamorgades.es\/#website"},"datePublished":"2024-05-26T19:10:01+00:00","dateModified":"2024-05-26T19:13:18+00:00","description":"Theatrical premiere of \"Tartr\u00e0\" in Cal Vila, Villa Morgades, on May 31st and June 1st by artist Mariona R\u00edos.","breadcrumb":{"@id":"https:\/\/vilamorgades.es\/?p=3493&lang=en#breadcrumb"},"inLanguage":"en-US","potentialAction":[{"@type":"ReadAction","target":["https:\/\/vilamorgades.es\/?p=3493&lang=en"]}]},{"@type":"BreadcrumbList","@id":"https:\/\/vilamorgades.es\/?p=3493&lang=en#breadcrumb","itemListElement":[{"@type":"ListItem","position":1,"name":"Home","item":"https:\/\/vilamorgades.es\/"},{"@type":"ListItem","position":2,"name":"Premi\u00e8re at Cal Vila"}]},{"@type":"WebSite","@id":"https:\/\/vilamorgades.es\/#website","url":"https:\/\/vilamorgades.es\/","name":"VILA MORGADES","description":"DES DEL S. XVIII","publisher":{"@id":"https:\/\/vilamorgades.es\/#organization"},"potentialAction":[{"@type":"SearchAction","target":{"@type":"EntryPoint","urlTemplate":"https:\/\/vilamorgades.es\/?s={search_term_string}"},"query-input":"required name=search_term_string"}],"inLanguage":"en-US"},{"@type":"Organization","@id":"https:\/\/vilamorgades.es\/#organization","name":"Vila Morgades","url":"https:\/\/vilamorgades.es\/","logo":{"@type":"ImageObject","inLanguage":"en-US","@id":"https:\/\/vilamorgades.es\/#\/schema\/logo\/image\/","url":"https:\/\/vilamorgades.es\/wp-content\/uploads\/2021\/12\/Logo-Vila-Morgades.png","contentUrl":"https:\/\/vilamorgades.es\/wp-content\/uploads\/2021\/12\/Logo-Vila-Morgades.png","width":500,"height":500,"caption":"Vila Morgades"},"image":{"@id":"https:\/\/vilamorgades.es\/#\/schema\/logo\/image\/"},"sameAs":["https:\/\/www.instagram.com\/vila_morgades\/"]},{"@type":"Person","@id":"https:\/\/vilamorgades.es\/#\/schema\/person\/ee95443419c2ccde4a032d648fbcfaf1","name":"maria","image":{"@type":"ImageObject","inLanguage":"en-US","@id":"https:\/\/vilamorgades.es\/#\/schema\/person\/image\/","url":"https:\/\/secure.gravatar.com\/avatar\/2e2d80b7fb90f37fdde51fa4447ef41dd2c023a9339ddcc08f908b94eb1f24a8?s=96&d=mm&r=g","contentUrl":"https:\/\/secure.gravatar.com\/avatar\/2e2d80b7fb90f37fdde51fa4447ef41dd2c023a9339ddcc08f908b94eb1f24a8?s=96&d=mm&r=g","caption":"maria"},"sameAs":["http:\/\/vilamorgades.es"],"url":"https:\/\/vilamorgades.es\/?author=1"}]}},"_links":{"self":[{"href":"https:\/\/vilamorgades.es\/index.php?rest_route=\/wp\/v2\/posts\/3493","targetHints":{"allow":["GET"]}}],"collection":[{"href":"https:\/\/vilamorgades.es\/index.php?rest_route=\/wp\/v2\/posts"}],"about":[{"href":"https:\/\/vilamorgades.es\/index.php?rest_route=\/wp\/v2\/types\/post"}],"author":[{"embeddable":true,"href":"https:\/\/vilamorgades.es\/index.php?rest_route=\/wp\/v2\/users\/1"}],"replies":[{"embeddable":true,"href":"https:\/\/vilamorgades.es\/index.php?rest_route=%2Fwp%2Fv2%2Fcomments&post=3493"}],"version-history":[{"count":2,"href":"https:\/\/vilamorgades.es\/index.php?rest_route=\/wp\/v2\/posts\/3493\/revisions"}],"predecessor-version":[{"id":3495,"href":"https:\/\/vilamorgades.es\/index.php?rest_route=\/wp\/v2\/posts\/3493\/revisions\/3495"}],"wp:featuredmedia":[{"embeddable":true,"href":"https:\/\/vilamorgades.es\/index.php?rest_route=\/wp\/v2\/media\/3490"}],"wp:attachment":[{"href":"https:\/\/vilamorgades.es\/index.php?rest_route=%2Fwp%2Fv2%2Fmedia&parent=3493"}],"wp:term":[{"taxonomy":"category","embeddable":true,"href":"https:\/\/vilamorgades.es\/index.php?rest_route=%2Fwp%2Fv2%2Fcategories&post=3493"},{"taxonomy":"post_tag","embeddable":true,"href":"https:\/\/vilamorgades.es\/index.php?rest_route=%2Fwp%2Fv2%2Ftags&post=3493"}],"curies":[{"name":"wp","href":"https:\/\/api.w.org\/{rel}","templated":true}]}}