{"id":3498,"date":"2024-10-12T08:40:17","date_gmt":"2024-10-12T08:40:17","guid":{"rendered":"https:\/\/vilamorgades.es\/?p=3498"},"modified":"2024-10-12T08:47:11","modified_gmt":"2024-10-12T08:47:11","slug":"segona-edicio-de-tartra","status":"publish","type":"post","link":"https:\/\/vilamorgades.es\/?p=3498&lang=ca","title":{"rendered":"Segona edici\u00f3 de Tartr\u00e0"},"content":{"rendered":"\n<p>Tenim el plaer de presentar la segona edici\u00f3 de l\u2019obre de teatre \u2018Tartr\u00e0\u2019 a c\u00e0rrec de la dramaturga i actriu penedesenca Mariona R\u00edos. Despr\u00e9s de l\u2019\u00e8xit de la primera representaci\u00f3 &#8211; 31 de maig i 1 de juny d\u2019aquest mateix any \u2013 hem decidit repetir la iniciativa i oferir una nova data, que ser\u00e0 el proper <strong>27 d\u2019octubre a les 12h del migdia a Cal Vila<\/strong>, Castellv\u00ed de la Marca.<\/p>\n\n\n\n<p>El mon\u00f2leg, creat, produ\u00eft i protagonitzat per l\u2019actriu i directora vilafranquina Mariona R\u00edos, representa la hist\u00f2ria en tres actes de tres generacions de dones amb arrels a la vinya i el vi.<\/p>\n\n\n\n<p>Les entrades ja estan disponibles i podeu fer la reserva a maria@vilamorgades.com o al tel\u00e8fon +34 627 11 10 14.<\/p>\n\n\n\n<p>L\u2019obra inclou una copa de cava Vila Morgades.<\/p>\n","protected":false},"excerpt":{"rendered":"<p>Tenim el plaer de presentar la segona edici\u00f3 de l\u2019obre de teatre \u2018Tartr\u00e0\u2019 a c\u00e0rrec de la dramaturga i actriu &hellip; <\/p>\n","protected":false},"author":1,"featured_media":3499,"comment_status":"open","ping_status":"open","sticky":false,"template":"","format":"standard","meta":{"footnotes":""},"categories":[219,22],"tags":[436,438,559,251,526,532,452],"class_list":["post-3498","post","type-post","status-publish","format-standard","has-post-thumbnail","hentry","category-histories-sin-categoria-ca","category-sin-categoria-ca","tag-castellvi-de-la-marca-ca","tag-cava-artesanal-es-ca","tag-cava-i-teatre","tag-cava-penedes","tag-teatre-en-viu","tag-teatre-penedes","tag-vila-morgades-en-ca"],"yoast_head":"<!-- This site is optimized with the Yoast SEO plugin v22.1 - https:\/\/yoast.com\/wordpress\/plugins\/seo\/ -->\n<title>Segona edici\u00f3 de Tartr\u00e0 - VILA MORGADES<\/title>\n<meta name=\"description\" content=\"Tenim el plaer de presentar la segona edici\u00f3 de l\u2019obre de teatre \u2018Tartr\u00e0\u2019 a c\u00e0rrec de la dramaturga i actriu penedesenca Mariona R\u00edos.\" \/>\n<meta name=\"robots\" content=\"index, follow, max-snippet:-1, max-image-preview:large, max-video-preview:-1\" \/>\n<link rel=\"canonical\" href=\"https:\/\/vilamorgades.es\/?p=3498&lang=ca\" \/>\n<meta property=\"og:locale\" content=\"en_US\" \/>\n<meta property=\"og:type\" content=\"article\" \/>\n<meta property=\"og:title\" content=\"Segona edici\u00f3 de Tartr\u00e0 - VILA MORGADES\" \/>\n<meta property=\"og:description\" content=\"Tenim el plaer de presentar la segona edici\u00f3 de l\u2019obre de teatre \u2018Tartr\u00e0\u2019 a c\u00e0rrec de la dramaturga i actriu penedesenca Mariona R\u00edos.\" \/>\n<meta property=\"og:url\" content=\"https:\/\/vilamorgades.es\/?p=3498&amp;lang=ca\" \/>\n<meta property=\"og:site_name\" content=\"VILA MORGADES\" \/>\n<meta property=\"article:published_time\" content=\"2024-10-12T08:40:17+00:00\" \/>\n<meta property=\"article:modified_time\" content=\"2024-10-12T08:47:11+00:00\" \/>\n<meta property=\"og:image\" content=\"https:\/\/vilamorgades.es\/wp-content\/uploads\/2024\/10\/PHOTO-2024-09-29-17-18-35.jpg\" \/>\n\t<meta property=\"og:image:width\" content=\"1000\" \/>\n\t<meta property=\"og:image:height\" content=\"1000\" \/>\n\t<meta property=\"og:image:type\" content=\"image\/jpeg\" \/>\n<meta name=\"author\" content=\"maria\" \/>\n<meta name=\"twitter:card\" content=\"summary_large_image\" \/>\n<meta name=\"twitter:label1\" content=\"Written by\" \/>\n\t<meta name=\"twitter:data1\" content=\"maria\" \/>\n\t<meta name=\"twitter:label2\" content=\"Est. reading time\" \/>\n\t<meta name=\"twitter:data2\" content=\"1 minute\" \/>\n<script type=\"application\/ld+json\" class=\"yoast-schema-graph\">{\"@context\":\"https:\/\/schema.org\",\"@graph\":[{\"@type\":\"Article\",\"@id\":\"https:\/\/vilamorgades.es\/?p=3498&lang=ca#article\",\"isPartOf\":{\"@id\":\"https:\/\/vilamorgades.es\/?p=3498&lang=ca\"},\"author\":{\"name\":\"maria\",\"@id\":\"https:\/\/vilamorgades.es\/#\/schema\/person\/ee95443419c2ccde4a032d648fbcfaf1\"},\"headline\":\"Segona edici\u00f3 de Tartr\u00e0\",\"datePublished\":\"2024-10-12T08:40:17+00:00\",\"dateModified\":\"2024-10-12T08:47:11+00:00\",\"mainEntityOfPage\":{\"@id\":\"https:\/\/vilamorgades.es\/?p=3498&lang=ca\"},\"wordCount\":141,\"commentCount\":0,\"publisher\":{\"@id\":\"https:\/\/vilamorgades.es\/#organization\"},\"keywords\":[\"Castellv\u00ed de la marca\",\"cava artesanal\",\"cava i teatre\",\"cava Pened\u00e8s\",\"teatre en viu\",\"teatre Pened\u00e8s\",\"Vila Morgades\"],\"articleSection\":[\"Hist\u00f2ries\",\"Sin categor\u00eda\"],\"inLanguage\":\"en-US\",\"potentialAction\":[{\"@type\":\"CommentAction\",\"name\":\"Comment\",\"target\":[\"https:\/\/vilamorgades.es\/?p=3498&lang=ca#respond\"]}]},{\"@type\":\"WebPage\",\"@id\":\"https:\/\/vilamorgades.es\/?p=3498&lang=ca\",\"url\":\"https:\/\/vilamorgades.es\/?p=3498&lang=ca\",\"name\":\"Segona edici\u00f3 de Tartr\u00e0 - VILA MORGADES\",\"isPartOf\":{\"@id\":\"https:\/\/vilamorgades.es\/#website\"},\"datePublished\":\"2024-10-12T08:40:17+00:00\",\"dateModified\":\"2024-10-12T08:47:11+00:00\",\"description\":\"Tenim el plaer de presentar la segona edici\u00f3 de l\u2019obre de teatre \u2018Tartr\u00e0\u2019 a c\u00e0rrec de la dramaturga i actriu penedesenca Mariona R\u00edos.\",\"breadcrumb\":{\"@id\":\"https:\/\/vilamorgades.es\/?p=3498&lang=ca#breadcrumb\"},\"inLanguage\":\"en-US\",\"potentialAction\":[{\"@type\":\"ReadAction\",\"target\":[\"https:\/\/vilamorgades.es\/?p=3498&lang=ca\"]}]},{\"@type\":\"BreadcrumbList\",\"@id\":\"https:\/\/vilamorgades.es\/?p=3498&lang=ca#breadcrumb\",\"itemListElement\":[{\"@type\":\"ListItem\",\"position\":1,\"name\":\"Home\",\"item\":\"https:\/\/vilamorgades.es\/\"},{\"@type\":\"ListItem\",\"position\":2,\"name\":\"Segona edici\u00f3 de Tartr\u00e0\"}]},{\"@type\":\"WebSite\",\"@id\":\"https:\/\/vilamorgades.es\/#website\",\"url\":\"https:\/\/vilamorgades.es\/\",\"name\":\"VILA MORGADES\",\"description\":\"DES DEL S. XVIII\",\"publisher\":{\"@id\":\"https:\/\/vilamorgades.es\/#organization\"},\"potentialAction\":[{\"@type\":\"SearchAction\",\"target\":{\"@type\":\"EntryPoint\",\"urlTemplate\":\"https:\/\/vilamorgades.es\/?s={search_term_string}\"},\"query-input\":\"required name=search_term_string\"}],\"inLanguage\":\"en-US\"},{\"@type\":\"Organization\",\"@id\":\"https:\/\/vilamorgades.es\/#organization\",\"name\":\"Vila Morgades\",\"url\":\"https:\/\/vilamorgades.es\/\",\"logo\":{\"@type\":\"ImageObject\",\"inLanguage\":\"en-US\",\"@id\":\"https:\/\/vilamorgades.es\/#\/schema\/logo\/image\/\",\"url\":\"https:\/\/vilamorgades.es\/wp-content\/uploads\/2021\/12\/Logo-Vila-Morgades.png\",\"contentUrl\":\"https:\/\/vilamorgades.es\/wp-content\/uploads\/2021\/12\/Logo-Vila-Morgades.png\",\"width\":500,\"height\":500,\"caption\":\"Vila Morgades\"},\"image\":{\"@id\":\"https:\/\/vilamorgades.es\/#\/schema\/logo\/image\/\"},\"sameAs\":[\"https:\/\/www.instagram.com\/vila_morgades\/\"]},{\"@type\":\"Person\",\"@id\":\"https:\/\/vilamorgades.es\/#\/schema\/person\/ee95443419c2ccde4a032d648fbcfaf1\",\"name\":\"maria\",\"image\":{\"@type\":\"ImageObject\",\"inLanguage\":\"en-US\",\"@id\":\"https:\/\/vilamorgades.es\/#\/schema\/person\/image\/\",\"url\":\"https:\/\/secure.gravatar.com\/avatar\/2e2d80b7fb90f37fdde51fa4447ef41dd2c023a9339ddcc08f908b94eb1f24a8?s=96&d=mm&r=g\",\"contentUrl\":\"https:\/\/secure.gravatar.com\/avatar\/2e2d80b7fb90f37fdde51fa4447ef41dd2c023a9339ddcc08f908b94eb1f24a8?s=96&d=mm&r=g\",\"caption\":\"maria\"},\"sameAs\":[\"http:\/\/vilamorgades.es\"],\"url\":\"https:\/\/vilamorgades.es\/?author=1\"}]}<\/script>\n<!-- \/ Yoast SEO plugin. -->","yoast_head_json":{"title":"Segona edici\u00f3 de Tartr\u00e0 - VILA MORGADES","description":"Tenim el plaer de presentar la segona edici\u00f3 de l\u2019obre de teatre \u2018Tartr\u00e0\u2019 a c\u00e0rrec de la dramaturga i actriu penedesenca Mariona R\u00edos.","robots":{"index":"index","follow":"follow","max-snippet":"max-snippet:-1","max-image-preview":"max-image-preview:large","max-video-preview":"max-video-preview:-1"},"canonical":"https:\/\/vilamorgades.es\/?p=3498&lang=ca","og_locale":"en_US","og_type":"article","og_title":"Segona edici\u00f3 de Tartr\u00e0 - VILA MORGADES","og_description":"Tenim el plaer de presentar la segona edici\u00f3 de l\u2019obre de teatre \u2018Tartr\u00e0\u2019 a c\u00e0rrec de la dramaturga i actriu penedesenca Mariona R\u00edos.","og_url":"https:\/\/vilamorgades.es\/?p=3498&lang=ca","og_site_name":"VILA MORGADES","article_published_time":"2024-10-12T08:40:17+00:00","article_modified_time":"2024-10-12T08:47:11+00:00","og_image":[{"width":1000,"height":1000,"url":"https:\/\/vilamorgades.es\/wp-content\/uploads\/2024\/10\/PHOTO-2024-09-29-17-18-35.jpg","type":"image\/jpeg"}],"author":"maria","twitter_card":"summary_large_image","twitter_misc":{"Written by":"maria","Est. reading time":"1 minute"},"schema":{"@context":"https:\/\/schema.org","@graph":[{"@type":"Article","@id":"https:\/\/vilamorgades.es\/?p=3498&lang=ca#article","isPartOf":{"@id":"https:\/\/vilamorgades.es\/?p=3498&lang=ca"},"author":{"name":"maria","@id":"https:\/\/vilamorgades.es\/#\/schema\/person\/ee95443419c2ccde4a032d648fbcfaf1"},"headline":"Segona edici\u00f3 de Tartr\u00e0","datePublished":"2024-10-12T08:40:17+00:00","dateModified":"2024-10-12T08:47:11+00:00","mainEntityOfPage":{"@id":"https:\/\/vilamorgades.es\/?p=3498&lang=ca"},"wordCount":141,"commentCount":0,"publisher":{"@id":"https:\/\/vilamorgades.es\/#organization"},"keywords":["Castellv\u00ed de la marca","cava artesanal","cava i teatre","cava Pened\u00e8s","teatre en viu","teatre Pened\u00e8s","Vila Morgades"],"articleSection":["Hist\u00f2ries","Sin categor\u00eda"],"inLanguage":"en-US","potentialAction":[{"@type":"CommentAction","name":"Comment","target":["https:\/\/vilamorgades.es\/?p=3498&lang=ca#respond"]}]},{"@type":"WebPage","@id":"https:\/\/vilamorgades.es\/?p=3498&lang=ca","url":"https:\/\/vilamorgades.es\/?p=3498&lang=ca","name":"Segona edici\u00f3 de Tartr\u00e0 - VILA MORGADES","isPartOf":{"@id":"https:\/\/vilamorgades.es\/#website"},"datePublished":"2024-10-12T08:40:17+00:00","dateModified":"2024-10-12T08:47:11+00:00","description":"Tenim el plaer de presentar la segona edici\u00f3 de l\u2019obre de teatre \u2018Tartr\u00e0\u2019 a c\u00e0rrec de la dramaturga i actriu penedesenca Mariona R\u00edos.","breadcrumb":{"@id":"https:\/\/vilamorgades.es\/?p=3498&lang=ca#breadcrumb"},"inLanguage":"en-US","potentialAction":[{"@type":"ReadAction","target":["https:\/\/vilamorgades.es\/?p=3498&lang=ca"]}]},{"@type":"BreadcrumbList","@id":"https:\/\/vilamorgades.es\/?p=3498&lang=ca#breadcrumb","itemListElement":[{"@type":"ListItem","position":1,"name":"Home","item":"https:\/\/vilamorgades.es\/"},{"@type":"ListItem","position":2,"name":"Segona edici\u00f3 de Tartr\u00e0"}]},{"@type":"WebSite","@id":"https:\/\/vilamorgades.es\/#website","url":"https:\/\/vilamorgades.es\/","name":"VILA MORGADES","description":"DES DEL S. XVIII","publisher":{"@id":"https:\/\/vilamorgades.es\/#organization"},"potentialAction":[{"@type":"SearchAction","target":{"@type":"EntryPoint","urlTemplate":"https:\/\/vilamorgades.es\/?s={search_term_string}"},"query-input":"required name=search_term_string"}],"inLanguage":"en-US"},{"@type":"Organization","@id":"https:\/\/vilamorgades.es\/#organization","name":"Vila Morgades","url":"https:\/\/vilamorgades.es\/","logo":{"@type":"ImageObject","inLanguage":"en-US","@id":"https:\/\/vilamorgades.es\/#\/schema\/logo\/image\/","url":"https:\/\/vilamorgades.es\/wp-content\/uploads\/2021\/12\/Logo-Vila-Morgades.png","contentUrl":"https:\/\/vilamorgades.es\/wp-content\/uploads\/2021\/12\/Logo-Vila-Morgades.png","width":500,"height":500,"caption":"Vila Morgades"},"image":{"@id":"https:\/\/vilamorgades.es\/#\/schema\/logo\/image\/"},"sameAs":["https:\/\/www.instagram.com\/vila_morgades\/"]},{"@type":"Person","@id":"https:\/\/vilamorgades.es\/#\/schema\/person\/ee95443419c2ccde4a032d648fbcfaf1","name":"maria","image":{"@type":"ImageObject","inLanguage":"en-US","@id":"https:\/\/vilamorgades.es\/#\/schema\/person\/image\/","url":"https:\/\/secure.gravatar.com\/avatar\/2e2d80b7fb90f37fdde51fa4447ef41dd2c023a9339ddcc08f908b94eb1f24a8?s=96&d=mm&r=g","contentUrl":"https:\/\/secure.gravatar.com\/avatar\/2e2d80b7fb90f37fdde51fa4447ef41dd2c023a9339ddcc08f908b94eb1f24a8?s=96&d=mm&r=g","caption":"maria"},"sameAs":["http:\/\/vilamorgades.es"],"url":"https:\/\/vilamorgades.es\/?author=1"}]}},"_links":{"self":[{"href":"https:\/\/vilamorgades.es\/index.php?rest_route=\/wp\/v2\/posts\/3498","targetHints":{"allow":["GET"]}}],"collection":[{"href":"https:\/\/vilamorgades.es\/index.php?rest_route=\/wp\/v2\/posts"}],"about":[{"href":"https:\/\/vilamorgades.es\/index.php?rest_route=\/wp\/v2\/types\/post"}],"author":[{"embeddable":true,"href":"https:\/\/vilamorgades.es\/index.php?rest_route=\/wp\/v2\/users\/1"}],"replies":[{"embeddable":true,"href":"https:\/\/vilamorgades.es\/index.php?rest_route=%2Fwp%2Fv2%2Fcomments&post=3498"}],"version-history":[{"count":2,"href":"https:\/\/vilamorgades.es\/index.php?rest_route=\/wp\/v2\/posts\/3498\/revisions"}],"predecessor-version":[{"id":3505,"href":"https:\/\/vilamorgades.es\/index.php?rest_route=\/wp\/v2\/posts\/3498\/revisions\/3505"}],"wp:featuredmedia":[{"embeddable":true,"href":"https:\/\/vilamorgades.es\/index.php?rest_route=\/wp\/v2\/media\/3499"}],"wp:attachment":[{"href":"https:\/\/vilamorgades.es\/index.php?rest_route=%2Fwp%2Fv2%2Fmedia&parent=3498"}],"wp:term":[{"taxonomy":"category","embeddable":true,"href":"https:\/\/vilamorgades.es\/index.php?rest_route=%2Fwp%2Fv2%2Fcategories&post=3498"},{"taxonomy":"post_tag","embeddable":true,"href":"https:\/\/vilamorgades.es\/index.php?rest_route=%2Fwp%2Fv2%2Ftags&post=3498"}],"curies":[{"name":"wp","href":"https:\/\/api.w.org\/{rel}","templated":true}]}}