{"id":3501,"date":"2024-10-12T08:42:51","date_gmt":"2024-10-12T08:42:51","guid":{"rendered":"https:\/\/vilamorgades.es\/?p=3501"},"modified":"2024-10-12T08:43:22","modified_gmt":"2024-10-12T08:43:22","slug":"segunda-edicion-de-tartra","status":"publish","type":"post","link":"https:\/\/vilamorgades.es\/?p=3501","title":{"rendered":"Segunda edici\u00f3n de Tartr\u00e0"},"content":{"rendered":"\n<p>Tenemos el placer de presentar la segunda edici\u00f3n de la obra de teatro \u2018Tartr\u00e0\u2019, a cargo de la dramaturga y actriz Mariona R\u00edos. Tras el \u00e9xito de la primera representaci\u00f3n &#8211; 31 de mayo y 1 de junio de este mismo a\u00f1o &#8211; hemos decidido repetir la iniciativa y ofrecer una nueva fecha, que ser\u00e1 <strong>el pr\u00f3ximo 27 de octubre a las 12h del mediod\u00eda en Cal Vila<\/strong>, Castellv\u00ed de la Marca.<\/p>\n\n\n\n<p>El mon\u00f3logo, creado, producido y protagonizado por la actriz y directora de Vilafranca Mariona R\u00edos, representa la historia en tres actos de tres generaciones de mujeres con ra\u00edces en la vi\u00f1a y el vino.<\/p>\n\n\n\n<p>Las entradas ya est\u00e1n disponibles y pueden hacer la reserva en maria@vilamorgades.com o en el tel\u00e9fono +34 627 11 10 14.<\/p>\n\n\n\n<p>La obra incluye una copa de cava Vila Morgades.<\/p>\n","protected":false},"excerpt":{"rendered":"<p>Tenemos el placer de presentar la segunda edici\u00f3n de la obra de teatro \u2018Tartr\u00e0\u2019, a cargo de la dramaturga y &hellip; <\/p>\n","protected":false},"author":1,"featured_media":3499,"comment_status":"open","ping_status":"open","sticky":false,"template":"","format":"standard","meta":{"footnotes":""},"categories":[54],"tags":[386,534,540,538,536,388],"class_list":["post-3501","post","type-post","status-publish","format-standard","has-post-thumbnail","hentry","category-historias","tag-cava-artesanal-es","tag-teatro","tag-teatro-en-vivo","tag-teatro-penedes","tag-teatro-y-cava","tag-vila-morgades-en-es"],"yoast_head":"<!-- This site is optimized with the Yoast SEO plugin v22.1 - https:\/\/yoast.com\/wordpress\/plugins\/seo\/ -->\n<title>Segunda edici\u00f3n de Tartr\u00e0 - VILA MORGADES<\/title>\n<meta name=\"description\" content=\"Tenemos el placer de presentar la segunda edici\u00f3n de la obra de teatro \u2018Tartr\u00e0\u2019, a cargo de la dramaturga y actriz Mariona R\u00edos.\" \/>\n<meta name=\"robots\" content=\"index, follow, max-snippet:-1, max-image-preview:large, max-video-preview:-1\" \/>\n<link rel=\"canonical\" href=\"https:\/\/vilamorgades.es\/?p=3501\" \/>\n<meta property=\"og:locale\" content=\"en_US\" \/>\n<meta property=\"og:type\" content=\"article\" \/>\n<meta property=\"og:title\" content=\"Segunda edici\u00f3n de Tartr\u00e0 - VILA MORGADES\" \/>\n<meta property=\"og:description\" content=\"Tenemos el placer de presentar la segunda edici\u00f3n de la obra de teatro \u2018Tartr\u00e0\u2019, a cargo de la dramaturga y actriz Mariona R\u00edos.\" \/>\n<meta property=\"og:url\" content=\"https:\/\/vilamorgades.es\/?p=3501\" \/>\n<meta property=\"og:site_name\" content=\"VILA MORGADES\" \/>\n<meta property=\"article:published_time\" content=\"2024-10-12T08:42:51+00:00\" \/>\n<meta property=\"article:modified_time\" content=\"2024-10-12T08:43:22+00:00\" \/>\n<meta property=\"og:image\" content=\"https:\/\/vilamorgades.es\/wp-content\/uploads\/2024\/10\/PHOTO-2024-09-29-17-18-35.jpg\" \/>\n\t<meta property=\"og:image:width\" content=\"1000\" \/>\n\t<meta property=\"og:image:height\" content=\"1000\" \/>\n\t<meta property=\"og:image:type\" content=\"image\/jpeg\" \/>\n<meta name=\"author\" content=\"maria\" \/>\n<meta name=\"twitter:card\" content=\"summary_large_image\" \/>\n<meta name=\"twitter:label1\" content=\"Written by\" \/>\n\t<meta name=\"twitter:data1\" content=\"maria\" \/>\n\t<meta name=\"twitter:label2\" content=\"Est. reading time\" \/>\n\t<meta name=\"twitter:data2\" content=\"1 minute\" \/>\n<script type=\"application\/ld+json\" class=\"yoast-schema-graph\">{\"@context\":\"https:\/\/schema.org\",\"@graph\":[{\"@type\":\"Article\",\"@id\":\"https:\/\/vilamorgades.es\/?p=3501#article\",\"isPartOf\":{\"@id\":\"https:\/\/vilamorgades.es\/?p=3501\"},\"author\":{\"name\":\"maria\",\"@id\":\"https:\/\/vilamorgades.es\/#\/schema\/person\/ee95443419c2ccde4a032d648fbcfaf1\"},\"headline\":\"Segunda edici\u00f3n de Tartr\u00e0\",\"datePublished\":\"2024-10-12T08:42:51+00:00\",\"dateModified\":\"2024-10-12T08:43:22+00:00\",\"mainEntityOfPage\":{\"@id\":\"https:\/\/vilamorgades.es\/?p=3501\"},\"wordCount\":147,\"commentCount\":0,\"publisher\":{\"@id\":\"https:\/\/vilamorgades.es\/#organization\"},\"keywords\":[\"cava artesanal\",\"teatro\",\"teatro en vivo\",\"teatro Pened\u00e8s\",\"teatro y cava\",\"Vila Morgades\"],\"articleSection\":[\"Historias\"],\"inLanguage\":\"en-US\",\"potentialAction\":[{\"@type\":\"CommentAction\",\"name\":\"Comment\",\"target\":[\"https:\/\/vilamorgades.es\/?p=3501#respond\"]}]},{\"@type\":\"WebPage\",\"@id\":\"https:\/\/vilamorgades.es\/?p=3501\",\"url\":\"https:\/\/vilamorgades.es\/?p=3501\",\"name\":\"Segunda edici\u00f3n de Tartr\u00e0 - VILA MORGADES\",\"isPartOf\":{\"@id\":\"https:\/\/vilamorgades.es\/#website\"},\"datePublished\":\"2024-10-12T08:42:51+00:00\",\"dateModified\":\"2024-10-12T08:43:22+00:00\",\"description\":\"Tenemos el placer de presentar la segunda edici\u00f3n de la obra de teatro \u2018Tartr\u00e0\u2019, a cargo de la dramaturga y actriz Mariona R\u00edos.\",\"breadcrumb\":{\"@id\":\"https:\/\/vilamorgades.es\/?p=3501#breadcrumb\"},\"inLanguage\":\"en-US\",\"potentialAction\":[{\"@type\":\"ReadAction\",\"target\":[\"https:\/\/vilamorgades.es\/?p=3501\"]}]},{\"@type\":\"BreadcrumbList\",\"@id\":\"https:\/\/vilamorgades.es\/?p=3501#breadcrumb\",\"itemListElement\":[{\"@type\":\"ListItem\",\"position\":1,\"name\":\"Home\",\"item\":\"https:\/\/vilamorgades.es\/\"},{\"@type\":\"ListItem\",\"position\":2,\"name\":\"Segunda edici\u00f3n de Tartr\u00e0\"}]},{\"@type\":\"WebSite\",\"@id\":\"https:\/\/vilamorgades.es\/#website\",\"url\":\"https:\/\/vilamorgades.es\/\",\"name\":\"VILA MORGADES\",\"description\":\"DES DEL S. XVIII\",\"publisher\":{\"@id\":\"https:\/\/vilamorgades.es\/#organization\"},\"potentialAction\":[{\"@type\":\"SearchAction\",\"target\":{\"@type\":\"EntryPoint\",\"urlTemplate\":\"https:\/\/vilamorgades.es\/?s={search_term_string}\"},\"query-input\":\"required name=search_term_string\"}],\"inLanguage\":\"en-US\"},{\"@type\":\"Organization\",\"@id\":\"https:\/\/vilamorgades.es\/#organization\",\"name\":\"Vila Morgades\",\"url\":\"https:\/\/vilamorgades.es\/\",\"logo\":{\"@type\":\"ImageObject\",\"inLanguage\":\"en-US\",\"@id\":\"https:\/\/vilamorgades.es\/#\/schema\/logo\/image\/\",\"url\":\"https:\/\/vilamorgades.es\/wp-content\/uploads\/2021\/12\/Logo-Vila-Morgades.png\",\"contentUrl\":\"https:\/\/vilamorgades.es\/wp-content\/uploads\/2021\/12\/Logo-Vila-Morgades.png\",\"width\":500,\"height\":500,\"caption\":\"Vila Morgades\"},\"image\":{\"@id\":\"https:\/\/vilamorgades.es\/#\/schema\/logo\/image\/\"},\"sameAs\":[\"https:\/\/www.instagram.com\/vila_morgades\/\"]},{\"@type\":\"Person\",\"@id\":\"https:\/\/vilamorgades.es\/#\/schema\/person\/ee95443419c2ccde4a032d648fbcfaf1\",\"name\":\"maria\",\"image\":{\"@type\":\"ImageObject\",\"inLanguage\":\"en-US\",\"@id\":\"https:\/\/vilamorgades.es\/#\/schema\/person\/image\/\",\"url\":\"https:\/\/secure.gravatar.com\/avatar\/2e2d80b7fb90f37fdde51fa4447ef41dd2c023a9339ddcc08f908b94eb1f24a8?s=96&d=mm&r=g\",\"contentUrl\":\"https:\/\/secure.gravatar.com\/avatar\/2e2d80b7fb90f37fdde51fa4447ef41dd2c023a9339ddcc08f908b94eb1f24a8?s=96&d=mm&r=g\",\"caption\":\"maria\"},\"sameAs\":[\"http:\/\/vilamorgades.es\"],\"url\":\"https:\/\/vilamorgades.es\/?author=1\"}]}<\/script>\n<!-- \/ Yoast SEO plugin. -->","yoast_head_json":{"title":"Segunda edici\u00f3n de Tartr\u00e0 - VILA MORGADES","description":"Tenemos el placer de presentar la segunda edici\u00f3n de la obra de teatro \u2018Tartr\u00e0\u2019, a cargo de la dramaturga y actriz Mariona R\u00edos.","robots":{"index":"index","follow":"follow","max-snippet":"max-snippet:-1","max-image-preview":"max-image-preview:large","max-video-preview":"max-video-preview:-1"},"canonical":"https:\/\/vilamorgades.es\/?p=3501","og_locale":"en_US","og_type":"article","og_title":"Segunda edici\u00f3n de Tartr\u00e0 - VILA MORGADES","og_description":"Tenemos el placer de presentar la segunda edici\u00f3n de la obra de teatro \u2018Tartr\u00e0\u2019, a cargo de la dramaturga y actriz Mariona R\u00edos.","og_url":"https:\/\/vilamorgades.es\/?p=3501","og_site_name":"VILA MORGADES","article_published_time":"2024-10-12T08:42:51+00:00","article_modified_time":"2024-10-12T08:43:22+00:00","og_image":[{"width":1000,"height":1000,"url":"https:\/\/vilamorgades.es\/wp-content\/uploads\/2024\/10\/PHOTO-2024-09-29-17-18-35.jpg","type":"image\/jpeg"}],"author":"maria","twitter_card":"summary_large_image","twitter_misc":{"Written by":"maria","Est. reading time":"1 minute"},"schema":{"@context":"https:\/\/schema.org","@graph":[{"@type":"Article","@id":"https:\/\/vilamorgades.es\/?p=3501#article","isPartOf":{"@id":"https:\/\/vilamorgades.es\/?p=3501"},"author":{"name":"maria","@id":"https:\/\/vilamorgades.es\/#\/schema\/person\/ee95443419c2ccde4a032d648fbcfaf1"},"headline":"Segunda edici\u00f3n de Tartr\u00e0","datePublished":"2024-10-12T08:42:51+00:00","dateModified":"2024-10-12T08:43:22+00:00","mainEntityOfPage":{"@id":"https:\/\/vilamorgades.es\/?p=3501"},"wordCount":147,"commentCount":0,"publisher":{"@id":"https:\/\/vilamorgades.es\/#organization"},"keywords":["cava artesanal","teatro","teatro en vivo","teatro Pened\u00e8s","teatro y cava","Vila Morgades"],"articleSection":["Historias"],"inLanguage":"en-US","potentialAction":[{"@type":"CommentAction","name":"Comment","target":["https:\/\/vilamorgades.es\/?p=3501#respond"]}]},{"@type":"WebPage","@id":"https:\/\/vilamorgades.es\/?p=3501","url":"https:\/\/vilamorgades.es\/?p=3501","name":"Segunda edici\u00f3n de Tartr\u00e0 - VILA MORGADES","isPartOf":{"@id":"https:\/\/vilamorgades.es\/#website"},"datePublished":"2024-10-12T08:42:51+00:00","dateModified":"2024-10-12T08:43:22+00:00","description":"Tenemos el placer de presentar la segunda edici\u00f3n de la obra de teatro \u2018Tartr\u00e0\u2019, a cargo de la dramaturga y actriz Mariona R\u00edos.","breadcrumb":{"@id":"https:\/\/vilamorgades.es\/?p=3501#breadcrumb"},"inLanguage":"en-US","potentialAction":[{"@type":"ReadAction","target":["https:\/\/vilamorgades.es\/?p=3501"]}]},{"@type":"BreadcrumbList","@id":"https:\/\/vilamorgades.es\/?p=3501#breadcrumb","itemListElement":[{"@type":"ListItem","position":1,"name":"Home","item":"https:\/\/vilamorgades.es\/"},{"@type":"ListItem","position":2,"name":"Segunda edici\u00f3n de Tartr\u00e0"}]},{"@type":"WebSite","@id":"https:\/\/vilamorgades.es\/#website","url":"https:\/\/vilamorgades.es\/","name":"VILA MORGADES","description":"DES DEL S. XVIII","publisher":{"@id":"https:\/\/vilamorgades.es\/#organization"},"potentialAction":[{"@type":"SearchAction","target":{"@type":"EntryPoint","urlTemplate":"https:\/\/vilamorgades.es\/?s={search_term_string}"},"query-input":"required name=search_term_string"}],"inLanguage":"en-US"},{"@type":"Organization","@id":"https:\/\/vilamorgades.es\/#organization","name":"Vila Morgades","url":"https:\/\/vilamorgades.es\/","logo":{"@type":"ImageObject","inLanguage":"en-US","@id":"https:\/\/vilamorgades.es\/#\/schema\/logo\/image\/","url":"https:\/\/vilamorgades.es\/wp-content\/uploads\/2021\/12\/Logo-Vila-Morgades.png","contentUrl":"https:\/\/vilamorgades.es\/wp-content\/uploads\/2021\/12\/Logo-Vila-Morgades.png","width":500,"height":500,"caption":"Vila Morgades"},"image":{"@id":"https:\/\/vilamorgades.es\/#\/schema\/logo\/image\/"},"sameAs":["https:\/\/www.instagram.com\/vila_morgades\/"]},{"@type":"Person","@id":"https:\/\/vilamorgades.es\/#\/schema\/person\/ee95443419c2ccde4a032d648fbcfaf1","name":"maria","image":{"@type":"ImageObject","inLanguage":"en-US","@id":"https:\/\/vilamorgades.es\/#\/schema\/person\/image\/","url":"https:\/\/secure.gravatar.com\/avatar\/2e2d80b7fb90f37fdde51fa4447ef41dd2c023a9339ddcc08f908b94eb1f24a8?s=96&d=mm&r=g","contentUrl":"https:\/\/secure.gravatar.com\/avatar\/2e2d80b7fb90f37fdde51fa4447ef41dd2c023a9339ddcc08f908b94eb1f24a8?s=96&d=mm&r=g","caption":"maria"},"sameAs":["http:\/\/vilamorgades.es"],"url":"https:\/\/vilamorgades.es\/?author=1"}]}},"_links":{"self":[{"href":"https:\/\/vilamorgades.es\/index.php?rest_route=\/wp\/v2\/posts\/3501","targetHints":{"allow":["GET"]}}],"collection":[{"href":"https:\/\/vilamorgades.es\/index.php?rest_route=\/wp\/v2\/posts"}],"about":[{"href":"https:\/\/vilamorgades.es\/index.php?rest_route=\/wp\/v2\/types\/post"}],"author":[{"embeddable":true,"href":"https:\/\/vilamorgades.es\/index.php?rest_route=\/wp\/v2\/users\/1"}],"replies":[{"embeddable":true,"href":"https:\/\/vilamorgades.es\/index.php?rest_route=%2Fwp%2Fv2%2Fcomments&post=3501"}],"version-history":[{"count":1,"href":"https:\/\/vilamorgades.es\/index.php?rest_route=\/wp\/v2\/posts\/3501\/revisions"}],"predecessor-version":[{"id":3502,"href":"https:\/\/vilamorgades.es\/index.php?rest_route=\/wp\/v2\/posts\/3501\/revisions\/3502"}],"wp:featuredmedia":[{"embeddable":true,"href":"https:\/\/vilamorgades.es\/index.php?rest_route=\/wp\/v2\/media\/3499"}],"wp:attachment":[{"href":"https:\/\/vilamorgades.es\/index.php?rest_route=%2Fwp%2Fv2%2Fmedia&parent=3501"}],"wp:term":[{"taxonomy":"category","embeddable":true,"href":"https:\/\/vilamorgades.es\/index.php?rest_route=%2Fwp%2Fv2%2Fcategories&post=3501"},{"taxonomy":"post_tag","embeddable":true,"href":"https:\/\/vilamorgades.es\/index.php?rest_route=%2Fwp%2Fv2%2Ftags&post=3501"}],"curies":[{"name":"wp","href":"https:\/\/api.w.org\/{rel}","templated":true}]}}