{"id":3516,"date":"2025-05-07T17:19:45","date_gmt":"2025-05-07T17:19:45","guid":{"rendered":"https:\/\/vilamorgades.es\/?p=3516"},"modified":"2025-05-07T17:19:45","modified_gmt":"2025-05-07T17:19:45","slug":"moda-cava","status":"publish","type":"post","link":"https:\/\/vilamorgades.es\/?p=3516&lang=ca","title":{"rendered":"Moda, cava i art a Cal Vila el 24 de maig"},"content":{"rendered":"\n<p>El proper <strong>dissabte 24 de maig a partir de les 17 h<\/strong> acollirem a Cal Vila una tarda plena de creativitat, cava i gastronomia local, en un esdeveniment que combinar\u00e0 la passi\u00f3 per la moda, l\u2019art i l\u2019enoturisme.<\/p>\n\n\n\n<p>La jove dissenyadora<strong> Laia Rovira Pu\u00e9rtolas<\/strong>, \u00e0nima darrere de la marca local <a href=\"https:\/\/www.instagram.com\/montcala.l\/\">Montcala<\/a>, presentar\u00e0 en prim\u00edcia la seva nova col\u00b7lecci\u00f3 primavera\/estiu 2025: &#8220;Viu&#8221;, una proposta de roba atemporal i sostenible que convida a viure i sentir des dels detalls m\u00e9s petits del dia a dia.<\/p>\n\n\n\n<p>L\u2019acte s\u2019iniciar\u00e0 a les 17 h amb una<strong> visita guiada gratu\u00efta a les nostres caves Vila Morgades<\/strong>, on els assistents podran descobrir els secrets de l\u2019elaboraci\u00f3 del cava. Tot seguit, a les 18 h, comen\u00e7ar\u00e0 la desfilada de Montcala, que promet ser tota una experi\u00e8ncia art\u00edstica.<\/p>\n\n\n\n<p>Despr\u00e9s de la desfilada, els assistents podran passejar per una <strong>fira d\u2019artesans<\/strong> amb productes de macram\u00e9, roba, cer\u00e0mica, joieria, cosm\u00e8tica natural, il\u00b7lustraci\u00f3 i altres creacions locals, tot maridat amb una copa de cava i amb l&#8217;opci\u00f3 de degustar creps d\u2019un food truck present durant tota la tarda.<\/p>\n\n\n\n<p>Montcala, que aposta per una moda inclusiva, de proximitat i feta a m\u00e0, vol transmetre amb aquesta col\u00b7lecci\u00f3 un missatge clar: viure amb autenticitat i gaudir dels petits plaers quotidians.<\/p>\n\n\n\n<p>Una cita ineludible per a amants de la moda, l\u2019art i el territori.<\/p>\n\n\n\n<p>No us ho perdeu!<\/p>\n","protected":false},"excerpt":{"rendered":"<p>El proper dissabte 24 de maig a partir de les 17 h acollirem a Cal Vila una tarda plena de &hellip; <\/p>\n","protected":false},"author":1,"featured_media":3526,"comment_status":"open","ping_status":"open","sticky":false,"template":"","format":"standard","meta":{"footnotes":""},"categories":[219],"tags":[357,438,251,590,593,452],"class_list":["post-3516","post","type-post","status-publish","format-standard","has-post-thumbnail","hentry","category-histories-sin-categoria-ca","tag-cava-ca","tag-cava-artesanal-es-ca","tag-cava-penedes","tag-desfilada-de-moda-ca","tag-moda-ca","tag-vila-morgades-en-ca"],"yoast_head":"<!-- This site is optimized with the Yoast SEO plugin v22.1 - https:\/\/yoast.com\/wordpress\/plugins\/seo\/ -->\n<title>Moda, cava i art a Cal Vila el 24 de maig - VILA MORGADES<\/title>\n<meta name=\"robots\" content=\"index, follow, max-snippet:-1, max-image-preview:large, max-video-preview:-1\" \/>\n<link rel=\"canonical\" href=\"https:\/\/vilamorgades.es\/?p=3516&lang=ca\" \/>\n<meta property=\"og:locale\" content=\"en_US\" \/>\n<meta property=\"og:type\" content=\"article\" \/>\n<meta property=\"og:title\" content=\"Moda, cava i art a Cal Vila el 24 de maig - VILA MORGADES\" \/>\n<meta property=\"og:description\" content=\"El proper dissabte 24 de maig a partir de les 17 h acollirem a Cal Vila una tarda plena de &hellip;\" \/>\n<meta property=\"og:url\" content=\"https:\/\/vilamorgades.es\/?p=3516&amp;lang=ca\" \/>\n<meta property=\"og:site_name\" content=\"VILA MORGADES\" \/>\n<meta property=\"article:published_time\" content=\"2025-05-07T17:19:45+00:00\" \/>\n<meta property=\"og:image\" content=\"https:\/\/vilamorgades.es\/wp-content\/uploads\/2025\/05\/image3-4-1.jpeg\" \/>\n\t<meta property=\"og:image:width\" content=\"1080\" \/>\n\t<meta property=\"og:image:height\" content=\"1350\" \/>\n\t<meta property=\"og:image:type\" content=\"image\/jpeg\" \/>\n<meta name=\"author\" content=\"maria\" \/>\n<meta name=\"twitter:card\" content=\"summary_large_image\" \/>\n<meta name=\"twitter:label1\" content=\"Written by\" \/>\n\t<meta name=\"twitter:data1\" content=\"maria\" \/>\n\t<meta name=\"twitter:label2\" content=\"Est. reading time\" \/>\n\t<meta name=\"twitter:data2\" content=\"2 minutes\" \/>\n<script type=\"application\/ld+json\" class=\"yoast-schema-graph\">{\"@context\":\"https:\/\/schema.org\",\"@graph\":[{\"@type\":\"Article\",\"@id\":\"https:\/\/vilamorgades.es\/?p=3516&lang=ca#article\",\"isPartOf\":{\"@id\":\"https:\/\/vilamorgades.es\/?p=3516&lang=ca\"},\"author\":{\"name\":\"maria\",\"@id\":\"https:\/\/vilamorgades.es\/#\/schema\/person\/ee95443419c2ccde4a032d648fbcfaf1\"},\"headline\":\"Moda, cava i art a Cal Vila el 24 de maig\",\"datePublished\":\"2025-05-07T17:19:45+00:00\",\"dateModified\":\"2025-05-07T17:19:45+00:00\",\"mainEntityOfPage\":{\"@id\":\"https:\/\/vilamorgades.es\/?p=3516&lang=ca\"},\"wordCount\":250,\"commentCount\":0,\"publisher\":{\"@id\":\"https:\/\/vilamorgades.es\/#organization\"},\"keywords\":[\"cava\",\"cava artesanal\",\"cava Pened\u00e8s\",\"desfilada de moda\",\"moda\",\"Vila Morgades\"],\"articleSection\":[\"Hist\u00f2ries\"],\"inLanguage\":\"en-US\",\"potentialAction\":[{\"@type\":\"CommentAction\",\"name\":\"Comment\",\"target\":[\"https:\/\/vilamorgades.es\/?p=3516&lang=ca#respond\"]}]},{\"@type\":\"WebPage\",\"@id\":\"https:\/\/vilamorgades.es\/?p=3516&lang=ca\",\"url\":\"https:\/\/vilamorgades.es\/?p=3516&lang=ca\",\"name\":\"Moda, cava i art a Cal Vila el 24 de maig - VILA MORGADES\",\"isPartOf\":{\"@id\":\"https:\/\/vilamorgades.es\/#website\"},\"datePublished\":\"2025-05-07T17:19:45+00:00\",\"dateModified\":\"2025-05-07T17:19:45+00:00\",\"breadcrumb\":{\"@id\":\"https:\/\/vilamorgades.es\/?p=3516&lang=ca#breadcrumb\"},\"inLanguage\":\"en-US\",\"potentialAction\":[{\"@type\":\"ReadAction\",\"target\":[\"https:\/\/vilamorgades.es\/?p=3516&lang=ca\"]}]},{\"@type\":\"BreadcrumbList\",\"@id\":\"https:\/\/vilamorgades.es\/?p=3516&lang=ca#breadcrumb\",\"itemListElement\":[{\"@type\":\"ListItem\",\"position\":1,\"name\":\"Home\",\"item\":\"https:\/\/vilamorgades.es\/\"},{\"@type\":\"ListItem\",\"position\":2,\"name\":\"Moda, cava i art a Cal Vila el 24 de maig\"}]},{\"@type\":\"WebSite\",\"@id\":\"https:\/\/vilamorgades.es\/#website\",\"url\":\"https:\/\/vilamorgades.es\/\",\"name\":\"VILA MORGADES\",\"description\":\"DES DEL S. XVIII\",\"publisher\":{\"@id\":\"https:\/\/vilamorgades.es\/#organization\"},\"potentialAction\":[{\"@type\":\"SearchAction\",\"target\":{\"@type\":\"EntryPoint\",\"urlTemplate\":\"https:\/\/vilamorgades.es\/?s={search_term_string}\"},\"query-input\":\"required name=search_term_string\"}],\"inLanguage\":\"en-US\"},{\"@type\":\"Organization\",\"@id\":\"https:\/\/vilamorgades.es\/#organization\",\"name\":\"Vila Morgades\",\"url\":\"https:\/\/vilamorgades.es\/\",\"logo\":{\"@type\":\"ImageObject\",\"inLanguage\":\"en-US\",\"@id\":\"https:\/\/vilamorgades.es\/#\/schema\/logo\/image\/\",\"url\":\"https:\/\/vilamorgades.es\/wp-content\/uploads\/2021\/12\/Logo-Vila-Morgades.png\",\"contentUrl\":\"https:\/\/vilamorgades.es\/wp-content\/uploads\/2021\/12\/Logo-Vila-Morgades.png\",\"width\":500,\"height\":500,\"caption\":\"Vila Morgades\"},\"image\":{\"@id\":\"https:\/\/vilamorgades.es\/#\/schema\/logo\/image\/\"},\"sameAs\":[\"https:\/\/www.instagram.com\/vila_morgades\/\"]},{\"@type\":\"Person\",\"@id\":\"https:\/\/vilamorgades.es\/#\/schema\/person\/ee95443419c2ccde4a032d648fbcfaf1\",\"name\":\"maria\",\"image\":{\"@type\":\"ImageObject\",\"inLanguage\":\"en-US\",\"@id\":\"https:\/\/vilamorgades.es\/#\/schema\/person\/image\/\",\"url\":\"https:\/\/secure.gravatar.com\/avatar\/2e2d80b7fb90f37fdde51fa4447ef41dd2c023a9339ddcc08f908b94eb1f24a8?s=96&d=mm&r=g\",\"contentUrl\":\"https:\/\/secure.gravatar.com\/avatar\/2e2d80b7fb90f37fdde51fa4447ef41dd2c023a9339ddcc08f908b94eb1f24a8?s=96&d=mm&r=g\",\"caption\":\"maria\"},\"sameAs\":[\"http:\/\/vilamorgades.es\"],\"url\":\"https:\/\/vilamorgades.es\/?author=1\"}]}<\/script>\n<!-- \/ Yoast SEO plugin. -->","yoast_head_json":{"title":"Moda, cava i art a Cal Vila el 24 de maig - VILA MORGADES","robots":{"index":"index","follow":"follow","max-snippet":"max-snippet:-1","max-image-preview":"max-image-preview:large","max-video-preview":"max-video-preview:-1"},"canonical":"https:\/\/vilamorgades.es\/?p=3516&lang=ca","og_locale":"en_US","og_type":"article","og_title":"Moda, cava i art a Cal Vila el 24 de maig - VILA MORGADES","og_description":"El proper dissabte 24 de maig a partir de les 17 h acollirem a Cal Vila una tarda plena de &hellip;","og_url":"https:\/\/vilamorgades.es\/?p=3516&lang=ca","og_site_name":"VILA MORGADES","article_published_time":"2025-05-07T17:19:45+00:00","og_image":[{"width":1080,"height":1350,"url":"https:\/\/vilamorgades.es\/wp-content\/uploads\/2025\/05\/image3-4-1.jpeg","type":"image\/jpeg"}],"author":"maria","twitter_card":"summary_large_image","twitter_misc":{"Written by":"maria","Est. reading time":"2 minutes"},"schema":{"@context":"https:\/\/schema.org","@graph":[{"@type":"Article","@id":"https:\/\/vilamorgades.es\/?p=3516&lang=ca#article","isPartOf":{"@id":"https:\/\/vilamorgades.es\/?p=3516&lang=ca"},"author":{"name":"maria","@id":"https:\/\/vilamorgades.es\/#\/schema\/person\/ee95443419c2ccde4a032d648fbcfaf1"},"headline":"Moda, cava i art a Cal Vila el 24 de maig","datePublished":"2025-05-07T17:19:45+00:00","dateModified":"2025-05-07T17:19:45+00:00","mainEntityOfPage":{"@id":"https:\/\/vilamorgades.es\/?p=3516&lang=ca"},"wordCount":250,"commentCount":0,"publisher":{"@id":"https:\/\/vilamorgades.es\/#organization"},"keywords":["cava","cava artesanal","cava Pened\u00e8s","desfilada de moda","moda","Vila Morgades"],"articleSection":["Hist\u00f2ries"],"inLanguage":"en-US","potentialAction":[{"@type":"CommentAction","name":"Comment","target":["https:\/\/vilamorgades.es\/?p=3516&lang=ca#respond"]}]},{"@type":"WebPage","@id":"https:\/\/vilamorgades.es\/?p=3516&lang=ca","url":"https:\/\/vilamorgades.es\/?p=3516&lang=ca","name":"Moda, cava i art a Cal Vila el 24 de maig - VILA MORGADES","isPartOf":{"@id":"https:\/\/vilamorgades.es\/#website"},"datePublished":"2025-05-07T17:19:45+00:00","dateModified":"2025-05-07T17:19:45+00:00","breadcrumb":{"@id":"https:\/\/vilamorgades.es\/?p=3516&lang=ca#breadcrumb"},"inLanguage":"en-US","potentialAction":[{"@type":"ReadAction","target":["https:\/\/vilamorgades.es\/?p=3516&lang=ca"]}]},{"@type":"BreadcrumbList","@id":"https:\/\/vilamorgades.es\/?p=3516&lang=ca#breadcrumb","itemListElement":[{"@type":"ListItem","position":1,"name":"Home","item":"https:\/\/vilamorgades.es\/"},{"@type":"ListItem","position":2,"name":"Moda, cava i art a Cal Vila el 24 de maig"}]},{"@type":"WebSite","@id":"https:\/\/vilamorgades.es\/#website","url":"https:\/\/vilamorgades.es\/","name":"VILA MORGADES","description":"DES DEL S. XVIII","publisher":{"@id":"https:\/\/vilamorgades.es\/#organization"},"potentialAction":[{"@type":"SearchAction","target":{"@type":"EntryPoint","urlTemplate":"https:\/\/vilamorgades.es\/?s={search_term_string}"},"query-input":"required name=search_term_string"}],"inLanguage":"en-US"},{"@type":"Organization","@id":"https:\/\/vilamorgades.es\/#organization","name":"Vila Morgades","url":"https:\/\/vilamorgades.es\/","logo":{"@type":"ImageObject","inLanguage":"en-US","@id":"https:\/\/vilamorgades.es\/#\/schema\/logo\/image\/","url":"https:\/\/vilamorgades.es\/wp-content\/uploads\/2021\/12\/Logo-Vila-Morgades.png","contentUrl":"https:\/\/vilamorgades.es\/wp-content\/uploads\/2021\/12\/Logo-Vila-Morgades.png","width":500,"height":500,"caption":"Vila Morgades"},"image":{"@id":"https:\/\/vilamorgades.es\/#\/schema\/logo\/image\/"},"sameAs":["https:\/\/www.instagram.com\/vila_morgades\/"]},{"@type":"Person","@id":"https:\/\/vilamorgades.es\/#\/schema\/person\/ee95443419c2ccde4a032d648fbcfaf1","name":"maria","image":{"@type":"ImageObject","inLanguage":"en-US","@id":"https:\/\/vilamorgades.es\/#\/schema\/person\/image\/","url":"https:\/\/secure.gravatar.com\/avatar\/2e2d80b7fb90f37fdde51fa4447ef41dd2c023a9339ddcc08f908b94eb1f24a8?s=96&d=mm&r=g","contentUrl":"https:\/\/secure.gravatar.com\/avatar\/2e2d80b7fb90f37fdde51fa4447ef41dd2c023a9339ddcc08f908b94eb1f24a8?s=96&d=mm&r=g","caption":"maria"},"sameAs":["http:\/\/vilamorgades.es"],"url":"https:\/\/vilamorgades.es\/?author=1"}]}},"_links":{"self":[{"href":"https:\/\/vilamorgades.es\/index.php?rest_route=\/wp\/v2\/posts\/3516","targetHints":{"allow":["GET"]}}],"collection":[{"href":"https:\/\/vilamorgades.es\/index.php?rest_route=\/wp\/v2\/posts"}],"about":[{"href":"https:\/\/vilamorgades.es\/index.php?rest_route=\/wp\/v2\/types\/post"}],"author":[{"embeddable":true,"href":"https:\/\/vilamorgades.es\/index.php?rest_route=\/wp\/v2\/users\/1"}],"replies":[{"embeddable":true,"href":"https:\/\/vilamorgades.es\/index.php?rest_route=%2Fwp%2Fv2%2Fcomments&post=3516"}],"version-history":[{"count":2,"href":"https:\/\/vilamorgades.es\/index.php?rest_route=\/wp\/v2\/posts\/3516\/revisions"}],"predecessor-version":[{"id":3527,"href":"https:\/\/vilamorgades.es\/index.php?rest_route=\/wp\/v2\/posts\/3516\/revisions\/3527"}],"wp:featuredmedia":[{"embeddable":true,"href":"https:\/\/vilamorgades.es\/index.php?rest_route=\/wp\/v2\/media\/3526"}],"wp:attachment":[{"href":"https:\/\/vilamorgades.es\/index.php?rest_route=%2Fwp%2Fv2%2Fmedia&parent=3516"}],"wp:term":[{"taxonomy":"category","embeddable":true,"href":"https:\/\/vilamorgades.es\/index.php?rest_route=%2Fwp%2Fv2%2Fcategories&post=3516"},{"taxonomy":"post_tag","embeddable":true,"href":"https:\/\/vilamorgades.es\/index.php?rest_route=%2Fwp%2Fv2%2Ftags&post=3516"}],"curies":[{"name":"wp","href":"https:\/\/api.w.org\/{rel}","templated":true}]}}