{"id":3518,"date":"2025-05-07T17:18:40","date_gmt":"2025-05-07T17:18:40","guid":{"rendered":"https:\/\/vilamorgades.es\/?p=3518"},"modified":"2025-05-07T17:18:40","modified_gmt":"2025-05-07T17:18:40","slug":"cava-moda","status":"publish","type":"post","link":"https:\/\/vilamorgades.es\/?p=3518","title":{"rendered":"Moda, cava y arte en Cal Vila el 24 de mayo"},"content":{"rendered":"\n<p>El pr\u00f3ximo <strong>s\u00e1bado 24 de mayo a partir de las 17 h<\/strong>, acogeremos en Cal Vila una tarde llena de creatividad, cava y gastronom\u00eda local, en un evento que combinar\u00e1 la pasi\u00f3n por la moda, el arte y el enoturismo.<\/p>\n\n\n\n<p>La joven dise\u00f1adora <strong>Laia Rovira Pu\u00e9rtolas<\/strong>, alma de la marca local<a href=\"https:\/\/www.instagram.com\/montcala.l\/\"> Montcala<\/a>, presentar\u00e1 en primicia su nueva colecci\u00f3n primavera\/verano 2025: &#8220;Viu&#8221;, una propuesta de ropa atemporal y sostenible que invita a vivir y sentir a trav\u00e9s de los peque\u00f1os detalles del d\u00eda a d\u00eda.<\/p>\n\n\n\n<p>El acto empezar\u00e1 a las 17 h con una <strong>visita guiada gratuita a nuestras cavas Vila Morgades<\/strong>, donde los asistentes podr\u00e1n descubrir los secretos de la elaboraci\u00f3n del cava. A continuaci\u00f3n, a las 18 h, dar\u00e1 comienzo el desfile de Montcala, que promete ser toda una experiencia art\u00edstica.<\/p>\n\n\n\n<p>Tras el desfile, los asistentes podr\u00e1n pasear por una <strong>feria de artesanos <\/strong>con productos de macram\u00e9, ropa, cer\u00e1mica, joyeria, cosm\u00e9tica natural, ilustraci\u00f3n y otras creaciones locales, todo ello acompa\u00f1ado de una copa de cava y con la posibilidad de degustar crepes de un food truck presente durante toda la tarde.<\/p>\n\n\n\n<p>Montcala, que apuesta por una moda inclusiva, de proximidad y hecha a mano, quiere transmitir con esta colecci\u00f3n un mensaje claro: vivir con autenticidad y disfrutar de los peque\u00f1os placeres cotidianos.<\/p>\n\n\n\n<p>Una cita ineludible para los amantes de la moda, el arte y el territorio.<\/p>\n\n\n\n<p>\u00a1No os lo perd\u00e1is!<\/p>\n","protected":false},"excerpt":{"rendered":"<p>El pr\u00f3ximo s\u00e1bado 24 de mayo a partir de las 17 h, acogeremos en Cal Vila una tarde llena de &hellip; <\/p>\n","protected":false},"author":1,"featured_media":3524,"comment_status":"open","ping_status":"open","sticky":false,"template":"","format":"standard","meta":{"footnotes":""},"categories":[54],"tags":[458,386,285,588,586,388],"class_list":["post-3518","post","type-post","status-publish","format-standard","has-post-thumbnail","hentry","category-historias","tag-cava-ca-es","tag-cava-artesanal-es","tag-cava-penedes-es","tag-desfilada-de-moda","tag-moda","tag-vila-morgades-en-es"],"yoast_head":"<!-- This site is optimized with the Yoast SEO plugin v22.1 - https:\/\/yoast.com\/wordpress\/plugins\/seo\/ -->\n<title>Moda, cava y arte en Cal Vila el 24 de mayo - VILA MORGADES<\/title>\n<meta name=\"robots\" content=\"index, follow, max-snippet:-1, max-image-preview:large, max-video-preview:-1\" \/>\n<link rel=\"canonical\" href=\"https:\/\/vilamorgades.es\/?p=3518\" \/>\n<meta property=\"og:locale\" content=\"en_US\" \/>\n<meta property=\"og:type\" content=\"article\" \/>\n<meta property=\"og:title\" content=\"Moda, cava y arte en Cal Vila el 24 de mayo - VILA MORGADES\" \/>\n<meta property=\"og:description\" content=\"El pr\u00f3ximo s\u00e1bado 24 de mayo a partir de las 17 h, acogeremos en Cal Vila una tarde llena de &hellip;\" \/>\n<meta property=\"og:url\" content=\"https:\/\/vilamorgades.es\/?p=3518\" \/>\n<meta property=\"og:site_name\" content=\"VILA MORGADES\" \/>\n<meta property=\"article:published_time\" content=\"2025-05-07T17:18:40+00:00\" \/>\n<meta property=\"og:image\" content=\"https:\/\/vilamorgades.es\/wp-content\/uploads\/2025\/05\/image3-4.jpeg\" \/>\n\t<meta property=\"og:image:width\" content=\"1080\" \/>\n\t<meta property=\"og:image:height\" content=\"1350\" \/>\n\t<meta property=\"og:image:type\" content=\"image\/jpeg\" \/>\n<meta name=\"author\" content=\"maria\" \/>\n<meta name=\"twitter:card\" content=\"summary_large_image\" \/>\n<meta name=\"twitter:label1\" content=\"Written by\" \/>\n\t<meta name=\"twitter:data1\" content=\"maria\" \/>\n\t<meta name=\"twitter:label2\" content=\"Est. reading time\" \/>\n\t<meta name=\"twitter:data2\" content=\"2 minutes\" \/>\n<script type=\"application\/ld+json\" class=\"yoast-schema-graph\">{\"@context\":\"https:\/\/schema.org\",\"@graph\":[{\"@type\":\"Article\",\"@id\":\"https:\/\/vilamorgades.es\/?p=3518#article\",\"isPartOf\":{\"@id\":\"https:\/\/vilamorgades.es\/?p=3518\"},\"author\":{\"name\":\"maria\",\"@id\":\"https:\/\/vilamorgades.es\/#\/schema\/person\/ee95443419c2ccde4a032d648fbcfaf1\"},\"headline\":\"Moda, cava y arte en Cal Vila el 24 de mayo\",\"datePublished\":\"2025-05-07T17:18:40+00:00\",\"dateModified\":\"2025-05-07T17:18:40+00:00\",\"mainEntityOfPage\":{\"@id\":\"https:\/\/vilamorgades.es\/?p=3518\"},\"wordCount\":260,\"commentCount\":0,\"publisher\":{\"@id\":\"https:\/\/vilamorgades.es\/#organization\"},\"keywords\":[\"cava\",\"cava artesanal\",\"cava Pened\u00e8s\",\"desfilada de moda\",\"moda\",\"Vila Morgades\"],\"articleSection\":[\"Historias\"],\"inLanguage\":\"en-US\",\"potentialAction\":[{\"@type\":\"CommentAction\",\"name\":\"Comment\",\"target\":[\"https:\/\/vilamorgades.es\/?p=3518#respond\"]}]},{\"@type\":\"WebPage\",\"@id\":\"https:\/\/vilamorgades.es\/?p=3518\",\"url\":\"https:\/\/vilamorgades.es\/?p=3518\",\"name\":\"Moda, cava y arte en Cal Vila el 24 de mayo - VILA MORGADES\",\"isPartOf\":{\"@id\":\"https:\/\/vilamorgades.es\/#website\"},\"datePublished\":\"2025-05-07T17:18:40+00:00\",\"dateModified\":\"2025-05-07T17:18:40+00:00\",\"breadcrumb\":{\"@id\":\"https:\/\/vilamorgades.es\/?p=3518#breadcrumb\"},\"inLanguage\":\"en-US\",\"potentialAction\":[{\"@type\":\"ReadAction\",\"target\":[\"https:\/\/vilamorgades.es\/?p=3518\"]}]},{\"@type\":\"BreadcrumbList\",\"@id\":\"https:\/\/vilamorgades.es\/?p=3518#breadcrumb\",\"itemListElement\":[{\"@type\":\"ListItem\",\"position\":1,\"name\":\"Home\",\"item\":\"https:\/\/vilamorgades.es\/\"},{\"@type\":\"ListItem\",\"position\":2,\"name\":\"Moda, cava y arte en Cal Vila el 24 de mayo\"}]},{\"@type\":\"WebSite\",\"@id\":\"https:\/\/vilamorgades.es\/#website\",\"url\":\"https:\/\/vilamorgades.es\/\",\"name\":\"VILA MORGADES\",\"description\":\"DES DEL S. XVIII\",\"publisher\":{\"@id\":\"https:\/\/vilamorgades.es\/#organization\"},\"potentialAction\":[{\"@type\":\"SearchAction\",\"target\":{\"@type\":\"EntryPoint\",\"urlTemplate\":\"https:\/\/vilamorgades.es\/?s={search_term_string}\"},\"query-input\":\"required name=search_term_string\"}],\"inLanguage\":\"en-US\"},{\"@type\":\"Organization\",\"@id\":\"https:\/\/vilamorgades.es\/#organization\",\"name\":\"Vila Morgades\",\"url\":\"https:\/\/vilamorgades.es\/\",\"logo\":{\"@type\":\"ImageObject\",\"inLanguage\":\"en-US\",\"@id\":\"https:\/\/vilamorgades.es\/#\/schema\/logo\/image\/\",\"url\":\"https:\/\/vilamorgades.es\/wp-content\/uploads\/2021\/12\/Logo-Vila-Morgades.png\",\"contentUrl\":\"https:\/\/vilamorgades.es\/wp-content\/uploads\/2021\/12\/Logo-Vila-Morgades.png\",\"width\":500,\"height\":500,\"caption\":\"Vila Morgades\"},\"image\":{\"@id\":\"https:\/\/vilamorgades.es\/#\/schema\/logo\/image\/\"},\"sameAs\":[\"https:\/\/www.instagram.com\/vila_morgades\/\"]},{\"@type\":\"Person\",\"@id\":\"https:\/\/vilamorgades.es\/#\/schema\/person\/ee95443419c2ccde4a032d648fbcfaf1\",\"name\":\"maria\",\"image\":{\"@type\":\"ImageObject\",\"inLanguage\":\"en-US\",\"@id\":\"https:\/\/vilamorgades.es\/#\/schema\/person\/image\/\",\"url\":\"https:\/\/secure.gravatar.com\/avatar\/2e2d80b7fb90f37fdde51fa4447ef41dd2c023a9339ddcc08f908b94eb1f24a8?s=96&d=mm&r=g\",\"contentUrl\":\"https:\/\/secure.gravatar.com\/avatar\/2e2d80b7fb90f37fdde51fa4447ef41dd2c023a9339ddcc08f908b94eb1f24a8?s=96&d=mm&r=g\",\"caption\":\"maria\"},\"sameAs\":[\"http:\/\/vilamorgades.es\"],\"url\":\"https:\/\/vilamorgades.es\/?author=1\"}]}<\/script>\n<!-- \/ Yoast SEO plugin. -->","yoast_head_json":{"title":"Moda, cava y arte en Cal Vila el 24 de mayo - VILA MORGADES","robots":{"index":"index","follow":"follow","max-snippet":"max-snippet:-1","max-image-preview":"max-image-preview:large","max-video-preview":"max-video-preview:-1"},"canonical":"https:\/\/vilamorgades.es\/?p=3518","og_locale":"en_US","og_type":"article","og_title":"Moda, cava y arte en Cal Vila el 24 de mayo - VILA MORGADES","og_description":"El pr\u00f3ximo s\u00e1bado 24 de mayo a partir de las 17 h, acogeremos en Cal Vila una tarde llena de &hellip;","og_url":"https:\/\/vilamorgades.es\/?p=3518","og_site_name":"VILA MORGADES","article_published_time":"2025-05-07T17:18:40+00:00","og_image":[{"width":1080,"height":1350,"url":"https:\/\/vilamorgades.es\/wp-content\/uploads\/2025\/05\/image3-4.jpeg","type":"image\/jpeg"}],"author":"maria","twitter_card":"summary_large_image","twitter_misc":{"Written by":"maria","Est. reading time":"2 minutes"},"schema":{"@context":"https:\/\/schema.org","@graph":[{"@type":"Article","@id":"https:\/\/vilamorgades.es\/?p=3518#article","isPartOf":{"@id":"https:\/\/vilamorgades.es\/?p=3518"},"author":{"name":"maria","@id":"https:\/\/vilamorgades.es\/#\/schema\/person\/ee95443419c2ccde4a032d648fbcfaf1"},"headline":"Moda, cava y arte en Cal Vila el 24 de mayo","datePublished":"2025-05-07T17:18:40+00:00","dateModified":"2025-05-07T17:18:40+00:00","mainEntityOfPage":{"@id":"https:\/\/vilamorgades.es\/?p=3518"},"wordCount":260,"commentCount":0,"publisher":{"@id":"https:\/\/vilamorgades.es\/#organization"},"keywords":["cava","cava artesanal","cava Pened\u00e8s","desfilada de moda","moda","Vila Morgades"],"articleSection":["Historias"],"inLanguage":"en-US","potentialAction":[{"@type":"CommentAction","name":"Comment","target":["https:\/\/vilamorgades.es\/?p=3518#respond"]}]},{"@type":"WebPage","@id":"https:\/\/vilamorgades.es\/?p=3518","url":"https:\/\/vilamorgades.es\/?p=3518","name":"Moda, cava y arte en Cal Vila el 24 de mayo - VILA MORGADES","isPartOf":{"@id":"https:\/\/vilamorgades.es\/#website"},"datePublished":"2025-05-07T17:18:40+00:00","dateModified":"2025-05-07T17:18:40+00:00","breadcrumb":{"@id":"https:\/\/vilamorgades.es\/?p=3518#breadcrumb"},"inLanguage":"en-US","potentialAction":[{"@type":"ReadAction","target":["https:\/\/vilamorgades.es\/?p=3518"]}]},{"@type":"BreadcrumbList","@id":"https:\/\/vilamorgades.es\/?p=3518#breadcrumb","itemListElement":[{"@type":"ListItem","position":1,"name":"Home","item":"https:\/\/vilamorgades.es\/"},{"@type":"ListItem","position":2,"name":"Moda, cava y arte en Cal Vila el 24 de mayo"}]},{"@type":"WebSite","@id":"https:\/\/vilamorgades.es\/#website","url":"https:\/\/vilamorgades.es\/","name":"VILA MORGADES","description":"DES DEL S. XVIII","publisher":{"@id":"https:\/\/vilamorgades.es\/#organization"},"potentialAction":[{"@type":"SearchAction","target":{"@type":"EntryPoint","urlTemplate":"https:\/\/vilamorgades.es\/?s={search_term_string}"},"query-input":"required name=search_term_string"}],"inLanguage":"en-US"},{"@type":"Organization","@id":"https:\/\/vilamorgades.es\/#organization","name":"Vila Morgades","url":"https:\/\/vilamorgades.es\/","logo":{"@type":"ImageObject","inLanguage":"en-US","@id":"https:\/\/vilamorgades.es\/#\/schema\/logo\/image\/","url":"https:\/\/vilamorgades.es\/wp-content\/uploads\/2021\/12\/Logo-Vila-Morgades.png","contentUrl":"https:\/\/vilamorgades.es\/wp-content\/uploads\/2021\/12\/Logo-Vila-Morgades.png","width":500,"height":500,"caption":"Vila Morgades"},"image":{"@id":"https:\/\/vilamorgades.es\/#\/schema\/logo\/image\/"},"sameAs":["https:\/\/www.instagram.com\/vila_morgades\/"]},{"@type":"Person","@id":"https:\/\/vilamorgades.es\/#\/schema\/person\/ee95443419c2ccde4a032d648fbcfaf1","name":"maria","image":{"@type":"ImageObject","inLanguage":"en-US","@id":"https:\/\/vilamorgades.es\/#\/schema\/person\/image\/","url":"https:\/\/secure.gravatar.com\/avatar\/2e2d80b7fb90f37fdde51fa4447ef41dd2c023a9339ddcc08f908b94eb1f24a8?s=96&d=mm&r=g","contentUrl":"https:\/\/secure.gravatar.com\/avatar\/2e2d80b7fb90f37fdde51fa4447ef41dd2c023a9339ddcc08f908b94eb1f24a8?s=96&d=mm&r=g","caption":"maria"},"sameAs":["http:\/\/vilamorgades.es"],"url":"https:\/\/vilamorgades.es\/?author=1"}]}},"_links":{"self":[{"href":"https:\/\/vilamorgades.es\/index.php?rest_route=\/wp\/v2\/posts\/3518","targetHints":{"allow":["GET"]}}],"collection":[{"href":"https:\/\/vilamorgades.es\/index.php?rest_route=\/wp\/v2\/posts"}],"about":[{"href":"https:\/\/vilamorgades.es\/index.php?rest_route=\/wp\/v2\/types\/post"}],"author":[{"embeddable":true,"href":"https:\/\/vilamorgades.es\/index.php?rest_route=\/wp\/v2\/users\/1"}],"replies":[{"embeddable":true,"href":"https:\/\/vilamorgades.es\/index.php?rest_route=%2Fwp%2Fv2%2Fcomments&post=3518"}],"version-history":[{"count":2,"href":"https:\/\/vilamorgades.es\/index.php?rest_route=\/wp\/v2\/posts\/3518\/revisions"}],"predecessor-version":[{"id":3525,"href":"https:\/\/vilamorgades.es\/index.php?rest_route=\/wp\/v2\/posts\/3518\/revisions\/3525"}],"wp:featuredmedia":[{"embeddable":true,"href":"https:\/\/vilamorgades.es\/index.php?rest_route=\/wp\/v2\/media\/3524"}],"wp:attachment":[{"href":"https:\/\/vilamorgades.es\/index.php?rest_route=%2Fwp%2Fv2%2Fmedia&parent=3518"}],"wp:term":[{"taxonomy":"category","embeddable":true,"href":"https:\/\/vilamorgades.es\/index.php?rest_route=%2Fwp%2Fv2%2Fcategories&post=3518"},{"taxonomy":"post_tag","embeddable":true,"href":"https:\/\/vilamorgades.es\/index.php?rest_route=%2Fwp%2Fv2%2Ftags&post=3518"}],"curies":[{"name":"wp","href":"https:\/\/api.w.org\/{rel}","templated":true}]}}