{"id":542,"date":"2020-12-31T07:31:32","date_gmt":"2020-12-31T07:31:32","guid":{"rendered":"http:\/\/vilamorgades.es\/?p=542"},"modified":"2022-03-01T10:19:38","modified_gmt":"2022-03-01T10:19:38","slug":"hola-mundo","status":"publish","type":"post","link":"https:\/\/vilamorgades.es\/?p=542","title":{"rendered":"\u00a1Hola!"},"content":{"rendered":"\n<p>\u00a1Buenos d\u00edas y bienvenidos\/as! <\/p>\n\n\n\n<p>Somos Carles y Maria, dos hermanos del Pened\u00e8s que, desde 2020, han decidido emprender con el negocio familiar del cava. Nuestra familia se dedica al cultivo de la vi\u00f1a y del vino desde el siglo XVII! De echo, es probable que desde hace muchos m\u00e1s siglos atr\u00e1s. En los a\u00f1os 70, un grupo de arque\u00f3logos encontr\u00f3 restos de \u00e1nforas para el almacenaje de vino de la \u00e9poca romana en una de nuestras vi\u00f1as, que a\u00fan cultivamos! As\u00ed que, dada nuestra posici\u00f3n geogr\u00e1fica &#8211; muy cerca de la antigua Via Augusta &#8211; y por los vestigios vitivin\u00edcolas encontrados, es muy probable que aqu\u00ed mismo se produjera vino que beb\u00edan en Roma en el siglo III DC. <\/p>\n\n\n\n<p>As\u00ed que, nos encontramos en una zona de muy antigua tradici\u00f3n vitivin\u00edcola. Nuestra familia se asent\u00f3 aqu\u00ed, en Castellv\u00ed de la Marca, en el siglo XVII. La primera referencia que tenemos es de Pere Morgades del Grau, quien adquiri\u00f3 unas tierras para la producci\u00f3n de vino.<\/p>\n\n\n\n<p>Unos cuantos siglos despu\u00e9s, habiendo pasado por multiples cambios, revoluciones, guerras, cambios de pa\u00eds, de idioma, de costumbres, de tecnolog\u00eda&#8230; la vi\u00f1a sigue aqu\u00ed, intacta y dando sus frutos cada septiembre. <\/p>\n\n\n\n<p>Ahora, en \u00e9ste 2020 convulso y complicado, mi hermano Carles y yo hemos decidido tomar las riendas del negocio. <\/p>\n\n\n\n<p>Esperamos que nuestra ilusi\u00f3n, ganas y entusiasmo nos sirva para dibujar un nuevo y pr\u00f3spero cap\u00edtulo en la historia de Vila Morgades.  <\/p>\n\n\n\n<p>Queremos continuar haciendo de Vila Morgades un proyecto donde la calidad, el respeto por la tradici\u00f3n y la naturaleza las bases para un futuro lleno de vino, pasi\u00f3n y burbujas!<\/p>\n\n\n\n<p>Como dec\u00eda nuestra abuela: &#8220;Adelante como los de Alicante!&#8221; (&#8220;Endavant les atxes!&#8221; en catal\u00e1n)<\/p>\n\n\n\n<p>Maria y Carles Ros\u00e9s<\/p>\n","protected":false},"excerpt":{"rendered":"<p>\u00a1Buenos d\u00edas y bienvenidos\/as! Somos Carles y Maria, dos hermanos del Pened\u00e8s que, desde 2020, han decidido emprender con el &hellip; <\/p>\n","protected":false},"author":1,"featured_media":2797,"comment_status":"open","ping_status":"open","sticky":false,"template":"","format":"standard","meta":{"footnotes":""},"categories":[54],"tags":[131,151,150,147,75,172,152],"class_list":["post-542","post","type-post","status-publish","format-standard","has-post-thumbnail","hentry","category-historias","tag-cal-vila","tag-cava-artesanal","tag-cava-pequena","tag-historia-familiar","tag-penedes","tag-quien-somos","tag-vila-morgades"],"yoast_head":"<!-- This site is optimized with the Yoast SEO plugin v22.1 - https:\/\/yoast.com\/wordpress\/plugins\/seo\/ -->\n<title>\u00a1Hola! - VILA MORGADES<\/title>\n<meta name=\"description\" content=\"Bienvenido\/as a Cal Vila. Somos la \u00faltima generaci\u00f3n de una saga familiar que empez\u00f3 el siglo XVIII. Conoce la historia de nuestra familia.\" \/>\n<meta name=\"robots\" content=\"index, follow, max-snippet:-1, max-image-preview:large, max-video-preview:-1\" \/>\n<link rel=\"canonical\" href=\"https:\/\/vilamorgades.es\/?p=542\" \/>\n<meta property=\"og:locale\" content=\"en_US\" \/>\n<meta property=\"og:type\" content=\"article\" \/>\n<meta property=\"og:title\" content=\"\u00a1Hola! - VILA MORGADES\" \/>\n<meta property=\"og:description\" content=\"Bienvenido\/as a Cal Vila. Somos la \u00faltima generaci\u00f3n de una saga familiar que empez\u00f3 el siglo XVIII. Conoce la historia de nuestra familia.\" \/>\n<meta property=\"og:url\" content=\"https:\/\/vilamorgades.es\/?p=542\" \/>\n<meta property=\"og:site_name\" content=\"VILA MORGADES\" \/>\n<meta property=\"article:published_time\" content=\"2020-12-31T07:31:32+00:00\" \/>\n<meta property=\"article:modified_time\" content=\"2022-03-01T10:19:38+00:00\" \/>\n<meta property=\"og:image\" content=\"https:\/\/vilamorgades.es\/wp-content\/uploads\/2020\/12\/C7625918-C5A1-4DF5-8D8E-D93F23BDFF93_1_105_c.jpeg\" \/>\n\t<meta property=\"og:image:width\" content=\"1086\" \/>\n\t<meta property=\"og:image:height\" content=\"724\" \/>\n\t<meta property=\"og:image:type\" content=\"image\/jpeg\" \/>\n<meta name=\"author\" content=\"maria\" \/>\n<meta name=\"twitter:card\" content=\"summary_large_image\" \/>\n<meta name=\"twitter:label1\" content=\"Written by\" \/>\n\t<meta name=\"twitter:data1\" content=\"maria\" \/>\n\t<meta name=\"twitter:label2\" content=\"Est. reading time\" \/>\n\t<meta name=\"twitter:data2\" content=\"2 minutes\" \/>\n<script type=\"application\/ld+json\" class=\"yoast-schema-graph\">{\"@context\":\"https:\/\/schema.org\",\"@graph\":[{\"@type\":\"Article\",\"@id\":\"https:\/\/vilamorgades.es\/?p=542#article\",\"isPartOf\":{\"@id\":\"https:\/\/vilamorgades.es\/?p=542\"},\"author\":{\"name\":\"maria\",\"@id\":\"https:\/\/vilamorgades.es\/#\/schema\/person\/ee95443419c2ccde4a032d648fbcfaf1\"},\"headline\":\"\u00a1Hola!\",\"datePublished\":\"2020-12-31T07:31:32+00:00\",\"dateModified\":\"2022-03-01T10:19:38+00:00\",\"mainEntityOfPage\":{\"@id\":\"https:\/\/vilamorgades.es\/?p=542\"},\"wordCount\":312,\"commentCount\":2,\"publisher\":{\"@id\":\"https:\/\/vilamorgades.es\/#organization\"},\"keywords\":[\"Cal vila\",\"cava artesanal\",\"cava peque\u00f1a\",\"Historia familiar\",\"pened\u00e8s\",\"quien somos\",\"Vila Morgades\"],\"articleSection\":[\"Historias\"],\"inLanguage\":\"en-US\",\"potentialAction\":[{\"@type\":\"CommentAction\",\"name\":\"Comment\",\"target\":[\"https:\/\/vilamorgades.es\/?p=542#respond\"]}]},{\"@type\":\"WebPage\",\"@id\":\"https:\/\/vilamorgades.es\/?p=542\",\"url\":\"https:\/\/vilamorgades.es\/?p=542\",\"name\":\"\u00a1Hola! - VILA MORGADES\",\"isPartOf\":{\"@id\":\"https:\/\/vilamorgades.es\/#website\"},\"datePublished\":\"2020-12-31T07:31:32+00:00\",\"dateModified\":\"2022-03-01T10:19:38+00:00\",\"description\":\"Bienvenido\/as a Cal Vila. Somos la \u00faltima generaci\u00f3n de una saga familiar que empez\u00f3 el siglo XVIII. Conoce la historia de nuestra familia.\",\"breadcrumb\":{\"@id\":\"https:\/\/vilamorgades.es\/?p=542#breadcrumb\"},\"inLanguage\":\"en-US\",\"potentialAction\":[{\"@type\":\"ReadAction\",\"target\":[\"https:\/\/vilamorgades.es\/?p=542\"]}]},{\"@type\":\"BreadcrumbList\",\"@id\":\"https:\/\/vilamorgades.es\/?p=542#breadcrumb\",\"itemListElement\":[{\"@type\":\"ListItem\",\"position\":1,\"name\":\"Home\",\"item\":\"https:\/\/vilamorgades.es\/\"},{\"@type\":\"ListItem\",\"position\":2,\"name\":\"\u00a1Hola!\"}]},{\"@type\":\"WebSite\",\"@id\":\"https:\/\/vilamorgades.es\/#website\",\"url\":\"https:\/\/vilamorgades.es\/\",\"name\":\"VILA MORGADES\",\"description\":\"DES DEL S. XVIII\",\"publisher\":{\"@id\":\"https:\/\/vilamorgades.es\/#organization\"},\"potentialAction\":[{\"@type\":\"SearchAction\",\"target\":{\"@type\":\"EntryPoint\",\"urlTemplate\":\"https:\/\/vilamorgades.es\/?s={search_term_string}\"},\"query-input\":\"required name=search_term_string\"}],\"inLanguage\":\"en-US\"},{\"@type\":\"Organization\",\"@id\":\"https:\/\/vilamorgades.es\/#organization\",\"name\":\"Vila Morgades\",\"url\":\"https:\/\/vilamorgades.es\/\",\"logo\":{\"@type\":\"ImageObject\",\"inLanguage\":\"en-US\",\"@id\":\"https:\/\/vilamorgades.es\/#\/schema\/logo\/image\/\",\"url\":\"https:\/\/vilamorgades.es\/wp-content\/uploads\/2021\/12\/Logo-Vila-Morgades.png\",\"contentUrl\":\"https:\/\/vilamorgades.es\/wp-content\/uploads\/2021\/12\/Logo-Vila-Morgades.png\",\"width\":500,\"height\":500,\"caption\":\"Vila Morgades\"},\"image\":{\"@id\":\"https:\/\/vilamorgades.es\/#\/schema\/logo\/image\/\"},\"sameAs\":[\"https:\/\/www.instagram.com\/vila_morgades\/\"]},{\"@type\":\"Person\",\"@id\":\"https:\/\/vilamorgades.es\/#\/schema\/person\/ee95443419c2ccde4a032d648fbcfaf1\",\"name\":\"maria\",\"image\":{\"@type\":\"ImageObject\",\"inLanguage\":\"en-US\",\"@id\":\"https:\/\/vilamorgades.es\/#\/schema\/person\/image\/\",\"url\":\"https:\/\/secure.gravatar.com\/avatar\/2e2d80b7fb90f37fdde51fa4447ef41dd2c023a9339ddcc08f908b94eb1f24a8?s=96&d=mm&r=g\",\"contentUrl\":\"https:\/\/secure.gravatar.com\/avatar\/2e2d80b7fb90f37fdde51fa4447ef41dd2c023a9339ddcc08f908b94eb1f24a8?s=96&d=mm&r=g\",\"caption\":\"maria\"},\"sameAs\":[\"http:\/\/vilamorgades.es\"],\"url\":\"https:\/\/vilamorgades.es\/?author=1\"}]}<\/script>\n<!-- \/ Yoast SEO plugin. -->","yoast_head_json":{"title":"\u00a1Hola! - VILA MORGADES","description":"Bienvenido\/as a Cal Vila. Somos la \u00faltima generaci\u00f3n de una saga familiar que empez\u00f3 el siglo XVIII. Conoce la historia de nuestra familia.","robots":{"index":"index","follow":"follow","max-snippet":"max-snippet:-1","max-image-preview":"max-image-preview:large","max-video-preview":"max-video-preview:-1"},"canonical":"https:\/\/vilamorgades.es\/?p=542","og_locale":"en_US","og_type":"article","og_title":"\u00a1Hola! - VILA MORGADES","og_description":"Bienvenido\/as a Cal Vila. Somos la \u00faltima generaci\u00f3n de una saga familiar que empez\u00f3 el siglo XVIII. Conoce la historia de nuestra familia.","og_url":"https:\/\/vilamorgades.es\/?p=542","og_site_name":"VILA MORGADES","article_published_time":"2020-12-31T07:31:32+00:00","article_modified_time":"2022-03-01T10:19:38+00:00","og_image":[{"width":1086,"height":724,"url":"https:\/\/vilamorgades.es\/wp-content\/uploads\/2020\/12\/C7625918-C5A1-4DF5-8D8E-D93F23BDFF93_1_105_c.jpeg","type":"image\/jpeg"}],"author":"maria","twitter_card":"summary_large_image","twitter_misc":{"Written by":"maria","Est. reading time":"2 minutes"},"schema":{"@context":"https:\/\/schema.org","@graph":[{"@type":"Article","@id":"https:\/\/vilamorgades.es\/?p=542#article","isPartOf":{"@id":"https:\/\/vilamorgades.es\/?p=542"},"author":{"name":"maria","@id":"https:\/\/vilamorgades.es\/#\/schema\/person\/ee95443419c2ccde4a032d648fbcfaf1"},"headline":"\u00a1Hola!","datePublished":"2020-12-31T07:31:32+00:00","dateModified":"2022-03-01T10:19:38+00:00","mainEntityOfPage":{"@id":"https:\/\/vilamorgades.es\/?p=542"},"wordCount":312,"commentCount":2,"publisher":{"@id":"https:\/\/vilamorgades.es\/#organization"},"keywords":["Cal vila","cava artesanal","cava peque\u00f1a","Historia familiar","pened\u00e8s","quien somos","Vila Morgades"],"articleSection":["Historias"],"inLanguage":"en-US","potentialAction":[{"@type":"CommentAction","name":"Comment","target":["https:\/\/vilamorgades.es\/?p=542#respond"]}]},{"@type":"WebPage","@id":"https:\/\/vilamorgades.es\/?p=542","url":"https:\/\/vilamorgades.es\/?p=542","name":"\u00a1Hola! - VILA MORGADES","isPartOf":{"@id":"https:\/\/vilamorgades.es\/#website"},"datePublished":"2020-12-31T07:31:32+00:00","dateModified":"2022-03-01T10:19:38+00:00","description":"Bienvenido\/as a Cal Vila. Somos la \u00faltima generaci\u00f3n de una saga familiar que empez\u00f3 el siglo XVIII. Conoce la historia de nuestra familia.","breadcrumb":{"@id":"https:\/\/vilamorgades.es\/?p=542#breadcrumb"},"inLanguage":"en-US","potentialAction":[{"@type":"ReadAction","target":["https:\/\/vilamorgades.es\/?p=542"]}]},{"@type":"BreadcrumbList","@id":"https:\/\/vilamorgades.es\/?p=542#breadcrumb","itemListElement":[{"@type":"ListItem","position":1,"name":"Home","item":"https:\/\/vilamorgades.es\/"},{"@type":"ListItem","position":2,"name":"\u00a1Hola!"}]},{"@type":"WebSite","@id":"https:\/\/vilamorgades.es\/#website","url":"https:\/\/vilamorgades.es\/","name":"VILA MORGADES","description":"DES DEL S. XVIII","publisher":{"@id":"https:\/\/vilamorgades.es\/#organization"},"potentialAction":[{"@type":"SearchAction","target":{"@type":"EntryPoint","urlTemplate":"https:\/\/vilamorgades.es\/?s={search_term_string}"},"query-input":"required name=search_term_string"}],"inLanguage":"en-US"},{"@type":"Organization","@id":"https:\/\/vilamorgades.es\/#organization","name":"Vila Morgades","url":"https:\/\/vilamorgades.es\/","logo":{"@type":"ImageObject","inLanguage":"en-US","@id":"https:\/\/vilamorgades.es\/#\/schema\/logo\/image\/","url":"https:\/\/vilamorgades.es\/wp-content\/uploads\/2021\/12\/Logo-Vila-Morgades.png","contentUrl":"https:\/\/vilamorgades.es\/wp-content\/uploads\/2021\/12\/Logo-Vila-Morgades.png","width":500,"height":500,"caption":"Vila Morgades"},"image":{"@id":"https:\/\/vilamorgades.es\/#\/schema\/logo\/image\/"},"sameAs":["https:\/\/www.instagram.com\/vila_morgades\/"]},{"@type":"Person","@id":"https:\/\/vilamorgades.es\/#\/schema\/person\/ee95443419c2ccde4a032d648fbcfaf1","name":"maria","image":{"@type":"ImageObject","inLanguage":"en-US","@id":"https:\/\/vilamorgades.es\/#\/schema\/person\/image\/","url":"https:\/\/secure.gravatar.com\/avatar\/2e2d80b7fb90f37fdde51fa4447ef41dd2c023a9339ddcc08f908b94eb1f24a8?s=96&d=mm&r=g","contentUrl":"https:\/\/secure.gravatar.com\/avatar\/2e2d80b7fb90f37fdde51fa4447ef41dd2c023a9339ddcc08f908b94eb1f24a8?s=96&d=mm&r=g","caption":"maria"},"sameAs":["http:\/\/vilamorgades.es"],"url":"https:\/\/vilamorgades.es\/?author=1"}]}},"_links":{"self":[{"href":"https:\/\/vilamorgades.es\/index.php?rest_route=\/wp\/v2\/posts\/542","targetHints":{"allow":["GET"]}}],"collection":[{"href":"https:\/\/vilamorgades.es\/index.php?rest_route=\/wp\/v2\/posts"}],"about":[{"href":"https:\/\/vilamorgades.es\/index.php?rest_route=\/wp\/v2\/types\/post"}],"author":[{"embeddable":true,"href":"https:\/\/vilamorgades.es\/index.php?rest_route=\/wp\/v2\/users\/1"}],"replies":[{"embeddable":true,"href":"https:\/\/vilamorgades.es\/index.php?rest_route=%2Fwp%2Fv2%2Fcomments&post=542"}],"version-history":[{"count":4,"href":"https:\/\/vilamorgades.es\/index.php?rest_route=\/wp\/v2\/posts\/542\/revisions"}],"predecessor-version":[{"id":3215,"href":"https:\/\/vilamorgades.es\/index.php?rest_route=\/wp\/v2\/posts\/542\/revisions\/3215"}],"wp:featuredmedia":[{"embeddable":true,"href":"https:\/\/vilamorgades.es\/index.php?rest_route=\/wp\/v2\/media\/2797"}],"wp:attachment":[{"href":"https:\/\/vilamorgades.es\/index.php?rest_route=%2Fwp%2Fv2%2Fmedia&parent=542"}],"wp:term":[{"taxonomy":"category","embeddable":true,"href":"https:\/\/vilamorgades.es\/index.php?rest_route=%2Fwp%2Fv2%2Fcategories&post=542"},{"taxonomy":"post_tag","embeddable":true,"href":"https:\/\/vilamorgades.es\/index.php?rest_route=%2Fwp%2Fv2%2Ftags&post=542"}],"curies":[{"name":"wp","href":"https:\/\/api.w.org\/{rel}","templated":true}]}}